{"id":2915766,"date":"2020-07-02T01:30:52","date_gmt":"2020-07-02T08:30:52","guid":{"rendered":"https:\/\/agpnoticias.com\/news\/?p=2915766"},"modified":"2020-07-02T09:56:18","modified_gmt":"2020-07-02T16:56:18","slug":"chema-ocampo-festeja-fecha-especial-antes-de-viajar-por-otra-victoria-con-zanfer-en-la-capital","status":"publish","type":"post","link":"https:\/\/agpnoticias.com\/news\/?p=2915766","title":{"rendered":"\u00abChema\u00bb Ocampo festeja fecha especial antes de viajar por otra victoria con Zanfer en la capital"},"content":{"rendered":"\n<p>Ensenada, Baja California.- Carlos \u201cChema\u00bb Ocampo (27-1-0, 17 KO\u00b4s) viaja este mi\u00e9rcoles a la Ciudad de M\u00e9xico para enfrentar a Jorge Luis \u201cChino\u201d Garc\u00eda (18-2-0, 16 KO\u00b4s) como protagonistas de pelea co-estelar de la funci\u00f3n que Zanfer presentar\u00e1 televisada por Box Azteca.<\/p>\n<p>Lo hizo hasta hoy mi\u00e9rcoles, para festejar, el martes, el cumplea\u00f1os de su hija Renata, y tambi\u00e9n para evitar los s\u00edntomas de la altura capitalina.<\/p>\n<p>El super welter ensenadense conf\u00eda en superar esta nueva prueba, en ruta a la oportunidad que pretende encontrar, por la disputa de un t\u00edtulo mundial.<\/p>\n<p>\u201cSalgo este mi\u00e9rcoles por la ma\u00f1ana y voy contra un rival de pegada respetable con 18 peleas y 16 ganadas por nocaut, as\u00ed que eso habla bien de \u00e9l, con s\u00f3lo dos perdidas. La funci\u00f3n la promueve Zanfer e igual ser\u00e1 a puerta cerrada para TV Azteca despu\u00e9s de hacerme todas las pruebas del coronavirus, de las cuales sal\u00ed muy bien\u201d, dijo horas antes de su vuelo.<\/p>\n<p>El peleador cuya \u00fanica derrota se registr\u00f3 ante el campe\u00f3n mundial Errol Spence Jr. afirm\u00f3 que pese a las restricciones por el COVID-19 sostuvo una preparaci\u00f3n s\u00f3lida.<\/p>\n<p>\u201cMe siento fuerte, estoy en peso ya, porque desde que supimos de la pelea mi entrenador Rafa Guzm\u00e1n y yo nos pusimos de acuerdo con la preparaci\u00f3n y llegamos fuertes para pelear el s\u00e1bado\u201d, relat\u00f3.<\/p>\n<p>Tambi\u00e9n destac\u00f3 la calidad de la cartelera que se celebrar\u00e1 en los foros de TV Azteca. \u201cVuelvo al ring en la cartelera que encabeza una gran guerrera como Jackie Nava. Mi \u00faltima pelea fue en diciembre, en Ensenada, pero siempre llego fuerte en busca de otra pelea de campeonato mundial\u201d.<\/p>\n<p>Y agreg\u00f3: \u201cSon seis meses (de inactividad), algo prolongado, pero me mantuve entrenando y corriendo en casa\u201d.<\/p>\n<p>\u201cChema\u201d Ocampo es parte de una familia de boxeadores con Or\u00edgenes en Culiac\u00e1n pero establecidos por d\u00e9cadas en Ensenada, con \u00e9l como el exponente m\u00e1s avanzado.<\/p>\n<p>Adem\u00e1s festej\u00f3 el primer aniversario de su hija Renata, motivo por el cual desea a\u00fan m\u00e1s cumplir con una actuaci\u00f3n convincente este s\u00e1bado en la pelea que se transmitir\u00e1 por Azteca 7. \u201cCumpli\u00f3 un a\u00f1o mi hija y me siento contento de haber estado con ella, que me motiva hacer lo que me gusta para que se sienta orgullosa de m\u00ed\u201d, concluy\u00f3.<\/p>\n","protected":false},"excerpt":{"rendered":"","protected":false},"author":1,"featured_media":2915767,"comment_status":"open","ping_status":"closed","sticky":false,"template":"","format":"standard","meta":{"footnotes":""},"categories":[36],"tags":[595],"class_list":["post-2915766","post","type-post","status-publish","format-standard","has-post-thumbnail","hentry","category-boxeo","tag-destacado"],"_links":{"self":[{"href":"https:\/\/agpnoticias.com\/news\/index.php?rest_route=\/wp\/v2\/posts\/2915766","targetHints":{"allow":["GET"]}}],"collection":[{"href":"https:\/\/agpnoticias.com\/news\/index.php?rest_route=\/wp\/v2\/posts"}],"about":[{"href":"https:\/\/agpnoticias.com\/news\/index.php?rest_route=\/wp\/v2\/types\/post"}],"author":[{"embeddable":true,"href":"https:\/\/agpnoticias.com\/news\/index.php?rest_route=\/wp\/v2\/users\/1"}],"replies":[{"embeddable":true,"href":"https:\/\/agpnoticias.com\/news\/index.php?rest_route=%2Fwp%2Fv2%2Fcomments&post=2915766"}],"version-history":[{"count":3,"href":"https:\/\/agpnoticias.com\/news\/index.php?rest_route=\/wp\/v2\/posts\/2915766\/revisions"}],"predecessor-version":[{"id":2915771,"href":"https:\/\/agpnoticias.com\/news\/index.php?rest_route=\/wp\/v2\/posts\/2915766\/revisions\/2915771"}],"wp:featuredmedia":[{"embeddable":true,"href":"https:\/\/agpnoticias.com\/news\/index.php?rest_route=\/wp\/v2\/media\/2915767"}],"wp:attachment":[{"href":"https:\/\/agpnoticias.com\/news\/index.php?rest_route=%2Fwp%2Fv2%2Fmedia&parent=2915766"}],"wp:term":[{"taxonomy":"category","embeddable":true,"href":"https:\/\/agpnoticias.com\/news\/index.php?rest_route=%2Fwp%2Fv2%2Fcategories&post=2915766"},{"taxonomy":"post_tag","embeddable":true,"href":"https:\/\/agpnoticias.com\/news\/index.php?rest_route=%2Fwp%2Fv2%2Ftags&post=2915766"}],"curies":[{"name":"wp","href":"https:\/\/api.w.org\/{rel}","templated":true}]}}