{"id":2915805,"date":"2020-07-04T20:14:00","date_gmt":"2020-07-05T03:14:00","guid":{"rendered":"https:\/\/agpnoticias.com\/news\/?p=2915805"},"modified":"2020-07-05T00:24:21","modified_gmt":"2020-07-05T07:24:21","slug":"german-arangio-pretende-imbuir-el-espiritu-de-los-toros-al-neza-fc-de-la-liga-de-balompie-mexicano","status":"publish","type":"post","link":"https:\/\/agpnoticias.com\/news\/?p=2915805","title":{"rendered":"Germ\u00e1n Arangio pretende imbuir el esp\u00edritu de los Toros al Neza FC de la Liga de Balompi\u00e9 Mexicano"},"content":{"rendered":"\n<p>Ciudad de M\u00e9xico.- Germ\u00e1n Arangio pretende replicar, ahora como director t\u00e9cnico, la esencia del equipo al que lleg\u00f3 para convertirse en figura del futbol mexicano, Toros Neza.<\/p>\n<p>El reci\u00e9n designado entrenador del Neza FC de la nueva Liga de Balompi\u00e9 Mexicano indic\u00f3 en entrevista con AGP Deportes que no dud\u00f3 en aceptar la propuesta.<\/p>\n<p>\u201cEl trato se dio r\u00e1pido con el presidente de la instituci\u00f3n (Hugo V\u00e1zquez) y en cuanto supe que era de Neza dije que s\u00ed, para poder lograr algo de toda esa esencia de aquel equipo de los noventa, demostrando todo lo que s\u00e9, todo lo que aprend\u00ed para proyectarme en esta nueva liga que es una apertura de puertas\u201d\u201d, refiri\u00f3.<\/p>\n<p>Sobre la conformaci\u00f3n de la plantilla, dijo: \u201cVamos pasito a pasito con esta situaci\u00f3n tan complicada (COVID), pero s\u00e9 que quiero un estilo de juego agresivo, porque los arcos est\u00e1n hacia adelante y hay que atacar, ir al frente en cualquier cancha, con din\u00e1mico, para llegar al \u00e1rea rival con cuatro o cinco toques\u201d.<\/p>\n<p>La primera contrataci\u00f3n fue el canterano de Pumas, Eduardo G\u00e1mez, quien sin embargo se lesion\u00f3 en la primera pr\u00e1ctica y tuvo que ser intervenido.<\/p>\n<p><a href=\"https:\/\/agpnoticias.com\/news\/german-arangio-pretende-imbuir-el-espiritu-de-los-toros-al-neza-fc-de-la-liga-de-balompie-mexicano\/arangio3\/\" rel=\"attachment wp-att-2915808\"><img fetchpriority=\"high\" decoding=\"async\" class=\"aligncenter size-full wp-image-2915808\" src=\"https:\/\/agpnoticias.com\/news\/wp-content\/uploads\/2020\/07\/Arangio3-e1593933718391.jpeg\" alt=\"\" width=\"600\" height=\"640\" \/><\/a><\/p>\n<p>\u201cEst\u00e1 en recuperaci\u00f3n y lo m\u00e1s importante es su rehabilitaci\u00f3n para que pueda trabajar sin secuelas\u201c, agreg\u00f3. De su trayectoria como t\u00e9cnico resalt\u00f3 su paso por la organizaci\u00f3n de Xolos de Tijuana con las filiales en Navolato y Culiac\u00e1n por dos a\u00f1os y medio, para luego pasar a Coras Tepic, Sub20 de Jaguares como parte del cuerpo t\u00e9cnico de Ricardo La Volpe y por \u00faltimo una participaci\u00f3n en Tercera Divisi\u00f3n.<\/p>\n<p>\u201cTengo mucha experiencia por las zonas del pa\u00eds que he recorrido, he tocado muchas puertas y se abri\u00f3 esta. El ambiente del futbol es bastante cerrado, no hay tantas oportunidades y dirigen los mismo entrenadores, as\u00ed que aqu\u00ed puedo demostrar lo que s\u00e9 y dar de qu\u00e9 hablar\u201d, consider\u00f3.<\/p>\n<p><b>Toros Neza y el campeonato del mundo<\/b><\/p>\n<p>Germ\u00e1n Arangio fue contratado por Toros Neza a meses de su campeonato del mundo Sub 20 conseguido por Argentina en Catar durante 1995, en cuya final pudo asistir el segundo gol despu\u00e9s de haber perdido la titularidad en el transcurso del torneo. \u201cHabl\u00e9 con Jos\u00e9 (Pekerman) y me puso 30 minutos\u201d, relat\u00f3.<\/p>\n<p>A Toros Neza, continu\u00f3, \u201cllegu\u00e9 muy joven, era 10 a\u00f1os menor que la mayor\u00eda, pero cada personalidad se amalgam\u00f3 para formar un equipo tirando todos al mismo lado dentro de la cancha. Eso me qued\u00f3 de ese equipo, de grandes jugadores\u201d.<\/p>\n<p><a href=\"https:\/\/agpnoticias.com\/news\/arangio-de-regreso-a-toros-neza\/arangio-2\/\" rel=\"attachment wp-att-2915803\"><img decoding=\"async\" class=\"aligncenter size-full wp-image-2915803\" src=\"https:\/\/agpnoticias.com\/news\/wp-content\/uploads\/2020\/07\/arangio-e1593933267334.jpg\" alt=\"\" width=\"600\" height=\"338\" \/><\/a><\/p>\n<p>En ese plantel estaban Antonio Mohamed, Miguel Herrera y Memo V\u00e1zquez, tres de los entrenadores m\u00e1s cotizados de la actualidad.<\/p>\n<p>\u201cAntes se hablaba mucho m\u00e1s de futbol porque no hab\u00eda celulares, y eso a m\u00ed me apasiona, que el futbolista vea, hable y consuma futbol. Me dan bronca los jugadores que no ven futbol, me pone triste. En mi \u00e9poca habl\u00e1bamos mucho de los otros equipos, de jugadores, y se visualizaban estos aspectos del futuro de cada uno\u201d, apunt\u00f3.<\/p>\n<p>Los t\u00e9cnicos que m\u00e1s lo marcaron en M\u00e9xico fueron Enrique Meza y Alberto Guerra. \u201cLes tengo un gran cari\u00f1o, me identifico con sus estilos y sus personalidades\u201d.<\/p>\n<p>\u201cTengo muy gratos recuerdos de a\u00f1os incre\u00edbles, de mucha felicidad, tambi\u00e9n de mucha angustia, pero siempre recuerdo a Neza con el apoyo de su gente\u201d, precis\u00f3.<\/p>\n<p>Tras su paso por Toros Neza pas\u00f3 por Atlante y Zacatepec en M\u00e9xico para luego partir al Am\u00e9rica de Cali en Colombia, Audax Italiano chileno y un equipo chino de donde regres\u00f3 para retirarse en Albinegros.<\/p>\n<p>Desde 2008 que tom\u00f3 esa decisi\u00f3n ha radicado en M\u00e9xico y por un breve periodo en Italia debido a que su hija mayor, de 14 a\u00f1os, ha iniciado una exitosa carrera como tenista. \u201cQuiere ser la n\u00famero uno del mundo y va muy bien; tiene tres nacionalidades: argentina, mexicana e italiana, y a los 18 a\u00f1os decidir\u00e1 a qu\u00e9 bandera quiere representar\u201d.<\/p>\n","protected":false},"excerpt":{"rendered":"","protected":false},"author":1,"featured_media":2915806,"comment_status":"open","ping_status":"closed","sticky":false,"template":"","format":"standard","meta":{"footnotes":""},"categories":[32],"tags":[595],"class_list":["post-2915805","post","type-post","status-publish","format-standard","has-post-thumbnail","hentry","category-soccer","tag-destacado"],"_links":{"self":[{"href":"https:\/\/agpnoticias.com\/news\/index.php?rest_route=\/wp\/v2\/posts\/2915805","targetHints":{"allow":["GET"]}}],"collection":[{"href":"https:\/\/agpnoticias.com\/news\/index.php?rest_route=\/wp\/v2\/posts"}],"about":[{"href":"https:\/\/agpnoticias.com\/news\/index.php?rest_route=\/wp\/v2\/types\/post"}],"author":[{"embeddable":true,"href":"https:\/\/agpnoticias.com\/news\/index.php?rest_route=\/wp\/v2\/users\/1"}],"replies":[{"embeddable":true,"href":"https:\/\/agpnoticias.com\/news\/index.php?rest_route=%2Fwp%2Fv2%2Fcomments&post=2915805"}],"version-history":[{"count":6,"href":"https:\/\/agpnoticias.com\/news\/index.php?rest_route=\/wp\/v2\/posts\/2915805\/revisions"}],"predecessor-version":[{"id":2915814,"href":"https:\/\/agpnoticias.com\/news\/index.php?rest_route=\/wp\/v2\/posts\/2915805\/revisions\/2915814"}],"wp:featuredmedia":[{"embeddable":true,"href":"https:\/\/agpnoticias.com\/news\/index.php?rest_route=\/wp\/v2\/media\/2915806"}],"wp:attachment":[{"href":"https:\/\/agpnoticias.com\/news\/index.php?rest_route=%2Fwp%2Fv2%2Fmedia&parent=2915805"}],"wp:term":[{"taxonomy":"category","embeddable":true,"href":"https:\/\/agpnoticias.com\/news\/index.php?rest_route=%2Fwp%2Fv2%2Fcategories&post=2915805"},{"taxonomy":"post_tag","embeddable":true,"href":"https:\/\/agpnoticias.com\/news\/index.php?rest_route=%2Fwp%2Fv2%2Ftags&post=2915805"}],"curies":[{"name":"wp","href":"https:\/\/api.w.org\/{rel}","templated":true}]}}