{"id":2915913,"date":"2020-07-10T22:12:00","date_gmt":"2020-07-11T05:12:00","guid":{"rendered":"https:\/\/agpnoticias.com\/news\/?p=2915913"},"modified":"2020-07-10T23:25:34","modified_gmt":"2020-07-11T06:25:34","slug":"palomeado-el-protocolo-de-inmudere-para-la-reapertura-de-unidades-publicas","status":"publish","type":"post","link":"https:\/\/agpnoticias.com\/news\/?p=2915913","title":{"rendered":"Palomeado el protocolo de Inmudere para la reapertura de unidades p\u00fablicas"},"content":{"rendered":"\n<p>Ensenada, Baja California.- Oscar Mart\u00ednez, titular de la unidad regional de la Comisi\u00f3n Estatal para la Protecci\u00f3n contra Riesgos Sanitarios (Coepris), dio pr\u00e1cticamente por aprobado el protocolo que se aplicar\u00e1 al regreso de actividad en las unidades p\u00fablicas administradas por el Instituto Municipal del Deporte y Recreaci\u00f3n de Ensenada (Inmudere).<\/p>\n<p>Las medidas ah\u00ed contempladas, dijo, entrar\u00e1n en operaci\u00f3n cuando cambie el Sem\u00e1foro Epidemiol\u00f3gico, de rojo a naranja.<\/p>\n<p>El funcionario extendi\u00f3 una invitaci\u00f3n a los promotores de micro-empresas dedicadas a la promoci\u00f3n deportiva (canchas y gimnasios) a basarse en el documento enviado por Inmudere.<\/p>\n<p>\u201cNo es un tema pol\u00edtico, es un tema de salud publica. Y la soluci\u00f3n no est\u00e1 aqu\u00ed, est\u00e1 en todos, en toda la poblaci\u00f3n y esto cambiar\u00e1 cuando todos hagamos lo que nos corresponde\u201d, indic\u00f3.<\/p>\n<p>En una reuni\u00f3n realizada el jueves frente a promotores deportivos, les recomend\u00f3 que sigan el trabajo presentado por la autoridad municipal.<\/p>\n<p>\u201cInmudere me hizo llegar los protocolos para sus \u00e1reas deportivas y felicito al equipo que lo realizo; pueden partir de ah\u00ed tom\u00e1ndolo como base porque cuenta con todo lo necesario, muy completo, pero cada uno de ustedes haciendo las adecuaciones de acuerdo a sus espacios\u201d, sugiri\u00f3.<\/p>\n<p><a href=\"https:\/\/agpnoticias.com\/news\/palomeado-el-protocolo-de-inmudere-para-la-reapertura-de-unidades-publicas\/whatsapp-image-2020-07-09-at-18-09-43\/\" rel=\"attachment wp-att-2915915\"><img fetchpriority=\"high\" decoding=\"async\" class=\"aligncenter size-full wp-image-2915915\" src=\"https:\/\/agpnoticias.com\/news\/wp-content\/uploads\/2020\/07\/WhatsApp-Image-2020-07-09-at-18.09.43-e1594365171526.jpeg\" alt=\"\" width=\"600\" height=\"348\" \/><\/a><\/p>\n<p>El representante de Coepris invit\u00f3 a los empresarios a que inicien de inmediato la aplicaci\u00f3n de su protocolo. \u201cAs\u00ed podemos empezar a revisarlos para que en cuanto cambie la situaci\u00f3n, ya tengamos el trabajo avanzado\u201d, apunt\u00f3.<\/p>\n<p>La directora de Inmudere Laura Marmolejo coincidi\u00f3 en la recomendaci\u00f3n e inst\u00f3 a los presentes a trabajar en su proyecto.<\/p>\n<p>En el acto el alcalde Armando Ayala revel\u00f3 mecanismos para que a trav\u00e9s de las secretar\u00edas de bienestar y econom\u00eda los micro-empresarios puedan hacerse de cr\u00e9ditos por montos de cinco hasta 25 mil pesos que ayuden a solventar la crisis por la pausa frente al COVID-19.<\/p>\n<p>La primera etapa de regreso en las unidades p\u00fablicas comprende actividades de atletismo (trote y caminata) en pisa atl\u00e9tica, nataci\u00f3n y ciclismo, con tres unidades contempladas: Ciudad Deportiva, Sullivan y Francisco Villa.<\/p>\n<p>Se solicitar\u00e1 la aplicaci\u00f3n de gel antibacterial, el uso de mascarilla, la toma de temperatura, la distancia necesario y un n\u00famero limitado de asistentes, entre otras medidas.<\/p>\n<p>Los deportes de conjunto y combate no est\u00e1n contemplados en esta pr\u00f3xima etapa.<\/p>\n","protected":false},"excerpt":{"rendered":"","protected":false},"author":1,"featured_media":2915914,"comment_status":"open","ping_status":"closed","sticky":false,"template":"","format":"standard","meta":{"footnotes":""},"categories":[7],"tags":[595],"class_list":["post-2915913","post","type-post","status-publish","format-standard","has-post-thumbnail","hentry","category-deportes","tag-destacado"],"_links":{"self":[{"href":"https:\/\/agpnoticias.com\/news\/index.php?rest_route=\/wp\/v2\/posts\/2915913","targetHints":{"allow":["GET"]}}],"collection":[{"href":"https:\/\/agpnoticias.com\/news\/index.php?rest_route=\/wp\/v2\/posts"}],"about":[{"href":"https:\/\/agpnoticias.com\/news\/index.php?rest_route=\/wp\/v2\/types\/post"}],"author":[{"embeddable":true,"href":"https:\/\/agpnoticias.com\/news\/index.php?rest_route=\/wp\/v2\/users\/1"}],"replies":[{"embeddable":true,"href":"https:\/\/agpnoticias.com\/news\/index.php?rest_route=%2Fwp%2Fv2%2Fcomments&post=2915913"}],"version-history":[{"count":7,"href":"https:\/\/agpnoticias.com\/news\/index.php?rest_route=\/wp\/v2\/posts\/2915913\/revisions"}],"predecessor-version":[{"id":2915924,"href":"https:\/\/agpnoticias.com\/news\/index.php?rest_route=\/wp\/v2\/posts\/2915913\/revisions\/2915924"}],"wp:featuredmedia":[{"embeddable":true,"href":"https:\/\/agpnoticias.com\/news\/index.php?rest_route=\/wp\/v2\/media\/2915914"}],"wp:attachment":[{"href":"https:\/\/agpnoticias.com\/news\/index.php?rest_route=%2Fwp%2Fv2%2Fmedia&parent=2915913"}],"wp:term":[{"taxonomy":"category","embeddable":true,"href":"https:\/\/agpnoticias.com\/news\/index.php?rest_route=%2Fwp%2Fv2%2Fcategories&post=2915913"},{"taxonomy":"post_tag","embeddable":true,"href":"https:\/\/agpnoticias.com\/news\/index.php?rest_route=%2Fwp%2Fv2%2Ftags&post=2915913"}],"curies":[{"name":"wp","href":"https:\/\/api.w.org\/{rel}","templated":true}]}}