{"id":2915928,"date":"2020-07-10T13:53:40","date_gmt":"2020-07-10T20:53:40","guid":{"rendered":"https:\/\/agpnoticias.com\/news\/?p=2915928"},"modified":"2020-07-10T13:53:42","modified_gmt":"2020-07-10T20:53:42","slug":"la-baja-500-se-va-a-san-felipe-en-septiembre","status":"publish","type":"post","link":"https:\/\/agpnoticias.com\/news\/?p=2915928","title":{"rendered":"La Baja 500 se va a San Felipe en septiembre"},"content":{"rendered":"\n<p>Ensenada, Baja California.- Ensenada dijo: no del 4 al 9 de agosto. Y Score International decidi\u00f3 llevarse a San Felipe la carrera fuera de camino Baja 500, del 22 al 27 de septiembre.<\/p>\n<p>En informaci\u00f3n boletinada el alcalde de Ensenada dijo: \u201cDesafortunadamente la situaci\u00f3n que actualmente enfrenta Ensenada por el alza en el n\u00famero de contagios por coronavirus emitimos una declaratoria de Emergencia Sanitaria por COVID-19, por lo que no podr\u00edamos asegurar que los primeros d\u00edas de agosto estemos en naranja\u201d.<\/p>\n<p>Armando Ayala se\u00f1al\u00f3 que fue ponderada \u201cla salud de los visitantes y residentes\u201d.<span class=\"Apple-converted-space\">\u00a0<\/span><\/p>\n<p>\u201cNo tengo m\u00e1s que reconocer la actitud responsable de Score Internacional, quienes a pesar de tener listos programas y protocolos, estuvieron de acuerdo con la cancelaci\u00f3n de la gesta deportiva\u201d, apunt\u00f3 al abrir las puertas de la ciudad para la Baja 1000 en noviembre.<\/p>\n<p>Momentos despu\u00e9s, Score inform\u00f3 los cambios de fecha y sede.<\/p>\n","protected":false},"excerpt":{"rendered":"","protected":false},"author":1,"featured_media":2915929,"comment_status":"open","ping_status":"closed","sticky":false,"template":"","format":"standard","meta":{"footnotes":""},"categories":[37],"tags":[595],"class_list":["post-2915928","post","type-post","status-publish","format-standard","has-post-thumbnail","hentry","category-off-road","tag-destacado"],"_links":{"self":[{"href":"https:\/\/agpnoticias.com\/news\/index.php?rest_route=\/wp\/v2\/posts\/2915928","targetHints":{"allow":["GET"]}}],"collection":[{"href":"https:\/\/agpnoticias.com\/news\/index.php?rest_route=\/wp\/v2\/posts"}],"about":[{"href":"https:\/\/agpnoticias.com\/news\/index.php?rest_route=\/wp\/v2\/types\/post"}],"author":[{"embeddable":true,"href":"https:\/\/agpnoticias.com\/news\/index.php?rest_route=\/wp\/v2\/users\/1"}],"replies":[{"embeddable":true,"href":"https:\/\/agpnoticias.com\/news\/index.php?rest_route=%2Fwp%2Fv2%2Fcomments&post=2915928"}],"version-history":[{"count":1,"href":"https:\/\/agpnoticias.com\/news\/index.php?rest_route=\/wp\/v2\/posts\/2915928\/revisions"}],"predecessor-version":[{"id":2915930,"href":"https:\/\/agpnoticias.com\/news\/index.php?rest_route=\/wp\/v2\/posts\/2915928\/revisions\/2915930"}],"wp:featuredmedia":[{"embeddable":true,"href":"https:\/\/agpnoticias.com\/news\/index.php?rest_route=\/wp\/v2\/media\/2915929"}],"wp:attachment":[{"href":"https:\/\/agpnoticias.com\/news\/index.php?rest_route=%2Fwp%2Fv2%2Fmedia&parent=2915928"}],"wp:term":[{"taxonomy":"category","embeddable":true,"href":"https:\/\/agpnoticias.com\/news\/index.php?rest_route=%2Fwp%2Fv2%2Fcategories&post=2915928"},{"taxonomy":"post_tag","embeddable":true,"href":"https:\/\/agpnoticias.com\/news\/index.php?rest_route=%2Fwp%2Fv2%2Ftags&post=2915928"}],"curies":[{"name":"wp","href":"https:\/\/api.w.org\/{rel}","templated":true}]}}