{"id":2915951,"date":"2020-07-13T02:19:35","date_gmt":"2020-07-13T09:19:35","guid":{"rendered":"https:\/\/agpnoticias.com\/news\/?p=2915951"},"modified":"2020-07-13T13:37:29","modified_gmt":"2020-07-13T20:37:29","slug":"raul-ramirez-fernando-schwartz-y-el-dia-que-mataron-a-colosio","status":"publish","type":"post","link":"https:\/\/agpnoticias.com\/news\/?p=2915951","title":{"rendered":"Ra\u00fal Ram\u00edrez, Fernando Schwartz y el d\u00eda que mataron a Colosio"},"content":{"rendered":"\n<p>Ensenada, Baja California.- Fernando Schwartz ha visto pasar a los deportistas m\u00e1s brillantes de M\u00e9xico desde la mitad de los a\u00f1os setenta, cuando, a\u00fan siendo un adolescente, inicio su trayectoria, hasta hoy vigente en el periodismo por televisi\u00f3n.<\/p>\n<p>Lo que al principio fue una relaci\u00f3n tirante, reportero-deportista, con lo a\u00f1os se torn\u00f3 en una amistad.<\/p>\n<p>\u201cReconociendo la grandeza que tuvo, Ra\u00fal era dif\u00edcil en sus \u00e9pocas de gloria, por su personalidad introvertida. No era afecto a las entrevistas, pero cuando se retir\u00f3 hicimos una gran amistad\u201d, dijo el hoy reportero de Fox Sports en entrevista con AGP Deportes.<\/p>\n<p>El tambi\u00e9n conductor titular de la secci\u00f3n deportiva de 24 Horas con Jacobo Zabludovsky por Canal 2 de Televisa, de 1980 a 1986, record\u00f3 una an\u00e9cdota en especial.<\/p>\n<p><a href=\"https:\/\/agpnoticias.com\/news\/raul-ramirez-fernando-schwartz-y-el-dia-que-mataron-a-colosio\/83485318_10219840312171448_3644831751179036020_n\/\" rel=\"attachment wp-att-2915953\"><img fetchpriority=\"high\" decoding=\"async\" class=\"aligncenter size-full wp-image-2915953\" src=\"https:\/\/agpnoticias.com\/news\/wp-content\/uploads\/2020\/07\/83485318_10219840312171448_3644831751179036020_n-e1594631953496.jpg\" alt=\"\" width=\"600\" height=\"314\" \/><\/a><\/p>\n<p>\u201cEl d\u00eda que asesinaron a Colosio est\u00e1bamos con Ra\u00fal en un Sport Caf\u00e9 de la Ciudad de M\u00e9xico. Y cuando inauguraron ese mismo caf\u00e9 en Tijuana, \u00e9l y (su esposa) Maritza (Sayalero, Miss Universo 1979) fueron los padrinos\u00bb, relat\u00f3.<\/p>\n<p>Luego de eso, \u00abcuando me fui a Estados Unidos les perd\u00ed la huella hasta ahora que me enter\u00e9 de la enfermedad que padece, lo cual me dio mucha pena por tanto que Ra\u00fal le dio a M\u00e9xico\u201d, lament\u00f3.<\/p>\n<p>Schwartz, con experiencia en nueve Copas del Mundo de Futbol y siete Juegos Ol\u00edmpicos, consider\u00f3 que Ra\u00fal Ram\u00edrez est\u00e1 \u201centre los primeros 10 (deportistas mexicanos) de la historia\u201d.<span class=\"Apple-converted-space\">\u00a0<\/span><\/p>\n<p>\u201cLos primeros tres son Hugo, Valenzuela y Ch\u00e1vez. Y a Ra\u00fal lo pondr\u00eda en los primeros 10\u201d, apunt\u00f3 sobre el poseedor del n\u00famero uno en dobles mundial por m\u00e1s de 60 semanas, junto al norteamericano Brian Gottfried a mediados de la d\u00e9cada de los a\u00f1os setenta.<\/p>\n<p>Adem\u00e1s, el tenista ensenadense fue l\u00edder en la Serie Copa Davis ganada a Estados Unidos con Jimmy Connors en esa misma d\u00e9cada.<\/p>\n","protected":false},"excerpt":{"rendered":"","protected":false},"author":1,"featured_media":2915954,"comment_status":"open","ping_status":"closed","sticky":false,"template":"","format":"standard","meta":{"footnotes":""},"categories":[7],"tags":[595],"class_list":["post-2915951","post","type-post","status-publish","format-standard","has-post-thumbnail","hentry","category-deportes","tag-destacado"],"_links":{"self":[{"href":"https:\/\/agpnoticias.com\/news\/index.php?rest_route=\/wp\/v2\/posts\/2915951","targetHints":{"allow":["GET"]}}],"collection":[{"href":"https:\/\/agpnoticias.com\/news\/index.php?rest_route=\/wp\/v2\/posts"}],"about":[{"href":"https:\/\/agpnoticias.com\/news\/index.php?rest_route=\/wp\/v2\/types\/post"}],"author":[{"embeddable":true,"href":"https:\/\/agpnoticias.com\/news\/index.php?rest_route=\/wp\/v2\/users\/1"}],"replies":[{"embeddable":true,"href":"https:\/\/agpnoticias.com\/news\/index.php?rest_route=%2Fwp%2Fv2%2Fcomments&post=2915951"}],"version-history":[{"count":6,"href":"https:\/\/agpnoticias.com\/news\/index.php?rest_route=\/wp\/v2\/posts\/2915951\/revisions"}],"predecessor-version":[{"id":2915959,"href":"https:\/\/agpnoticias.com\/news\/index.php?rest_route=\/wp\/v2\/posts\/2915951\/revisions\/2915959"}],"wp:featuredmedia":[{"embeddable":true,"href":"https:\/\/agpnoticias.com\/news\/index.php?rest_route=\/wp\/v2\/media\/2915954"}],"wp:attachment":[{"href":"https:\/\/agpnoticias.com\/news\/index.php?rest_route=%2Fwp%2Fv2%2Fmedia&parent=2915951"}],"wp:term":[{"taxonomy":"category","embeddable":true,"href":"https:\/\/agpnoticias.com\/news\/index.php?rest_route=%2Fwp%2Fv2%2Fcategories&post=2915951"},{"taxonomy":"post_tag","embeddable":true,"href":"https:\/\/agpnoticias.com\/news\/index.php?rest_route=%2Fwp%2Fv2%2Ftags&post=2915951"}],"curies":[{"name":"wp","href":"https:\/\/api.w.org\/{rel}","templated":true}]}}