{"id":2915965,"date":"2020-07-13T19:49:09","date_gmt":"2020-07-14T02:49:09","guid":{"rendered":"https:\/\/agpnoticias.com\/news\/?p=2915965"},"modified":"2020-07-13T19:49:12","modified_gmt":"2020-07-14T02:49:12","slug":"se-repondran-en-2021-las-11-fechas-pendientes-del-serial-atletico-ensenada-2020","status":"publish","type":"post","link":"https:\/\/agpnoticias.com\/news\/?p=2915965","title":{"rendered":"Se repondr\u00e1n en 2021 las 11 fechas pendientes del Serial Atl\u00e9tico Ensenada 2020"},"content":{"rendered":"\n<p>Ensenada, Baja California.- El Serial Atl\u00e9tico Ensenada 2020 solo pudo cumplir tres fechas de las 14 originalmente programadas. Y para 2021 la intenci\u00f3n es reponer las 11 restantes respetando la puntuaci\u00f3n al momento.<\/p>\n<p>\u201cSostuvimos reuniones con los promotores y el jueves definimos cancelar en definitiva este a\u00f1o para pasarlo a 2021. Fueron tres fechas las que realizamos y quedaron pendientes las 11 (que se repondr\u00e1n el a\u00f1o entrante). Tenemos la esperanza de regularizar todo, con la nueva normalidad. El principal motivo es proteger la salud de todos\u201d, dijo Iv\u00e1n Ramos.<\/p>\n<p>El presidente del serial precis\u00f3 que \u201clas tres medallas y la puntuaci\u00f3n quedar\u00e1n de la misma manera, esperanzados en poder retomar actividades en marzo, si lo permiten las autoridades de salud.\u201d<\/p>\n<p>\u201cTodav\u00eda no hay protocolo para los eventos atl\u00e9ticos como los nuestros, donde participan al menos 500 personas, que es el n\u00famero de medallas que entregamos, y es ah\u00ed donde est\u00e1 el riesgo, en la aglomeraci\u00f3n\u201d, refiri\u00f3.<span class=\"Apple-converted-space\">\u00a0<\/span><\/p>\n<p>Tambi\u00e9n ponder\u00f3 la dificultad para los promotores frente a un panorama como el que ha tra\u00eddo consigo el COVID-19.<\/p>\n<p>\u201cRealizar un evento atl\u00e9tico cuesta y las empresas que se unieron al Serial atraviesan una situaci\u00f3n econ\u00f3mica dif\u00edcil.<\/p>\n<p>Esperamos recandelarizar para no empalmar los eventos con la Liga Municipal de Atletismo\u201d, agreg\u00f3.<\/p>\n<p>El Serial Atl\u00e9tico Ensenada inici\u00f3 en 2019 cuando \u201cos fue bastante bien con un incremento de participaci\u00f3n en cada carrera (de acuerdo a sus antecedentes hist\u00f3ricos)\u201d.<span class=\"Apple-converted-space\">\u00a0<\/span><\/p>\n<p>Para 2020 se incluyeron premios en efectivo a los l\u00edderes de la categor\u00eda competitiva y puntuables, adem\u00e1s de aumentar a 500 el n\u00famero de medallas ofrecidas y est\u00edmulos a los corredores con discapacidad.<\/p>\n<p>Los ganadores en 2019 fueron Alan Marr\u00f3n y Cynthia Medina.<\/p>\n<p>Despu\u00e9s de tres fechas de 2020, Cynthia Medina y Gabriel Mart\u00ednez encabezaban el circuito.<\/p>\n<p><b>Serial Atl\u00e9tico Ensenada Corre 2020<\/b><\/p>\n<p><b>(REALIZADAS)<\/b><\/p>\n<p><b>Domingo 9 de febrero<\/b><\/p>\n<p>8:00 Quiero Vivir Sano (5K) en Ceart<\/p>\n<p><b>Domingo 1 de marzo<\/b><\/p>\n<p>8:00 UABC Aniversario (6K) salida en UABC Radio, meta UABC Sauzal<\/p>\n<p><b>Domingo 8 de marzo<\/b><\/p>\n<p>8:00 Women Run (5K) Monumento a la Madre, Parque Revoluci\u00f3n<\/p>\n<p><b>(PENDIENTES)<\/b><\/p>\n<p><b>S\u00e1bado 21 de marzo<\/b><\/p>\n<p>8:00 Colegio Unifront (5K) Colegio Unifront<\/p>\n<p><b>Domingo 5 de abril<\/b><\/p>\n<p>8:00 La M\u00e1s Famosa (5K) Avenida Hidalgo entre 4\u00aa. y Ju\u00e1rez<\/p>\n<p><b>Domingo 31 de mayo<\/b><\/p>\n<p>8:00 The Swim Run (5K) Playa Hermosa<\/p>\n<p><b>S\u00e1bado 20 de junio<\/b><\/p>\n<p>8:00 Los Pollos de la Cementera (5K) Calle Esmeralda y Paseo en Costa Bella<\/p>\n<p><b>Domingo 5 de julio<\/b><\/p>\n<p>8:00 Corre por tus Sue\u00f1os (5K) Club de Gimnasia de Ensenada<\/p>\n<p><b>Domingo 16 de agosto<\/b><\/p>\n<p>8:00 Corre con Valores (5K) Calle Rotario<\/p>\n<p><b>Domingo 4 de octubre<\/b><\/p>\n<p>8:00 Mis Patas y Yo (5K) Playa Hermosa<\/p>\n<p><b>Domingo 11 de octubre<\/b><\/p>\n<p>8:00 Divi\u00e9rtete Becando (5K) Universidad Xochicalco<\/p>\n<p><b>Domingo 18 de octubre<\/b><\/p>\n<p>8:00 Farmacias Suprema (5K) Bulevar Ram\u00edrez M\u00e9ndez<\/p>\n<p><b>S\u00e1bado 31 de octubre<\/b><\/p>\n<p>8:00 Carrera del D\u00eda de Muertos (5K) Conalep<\/p>\n<p><b>Domingo 15 de noviembre<\/b><\/p>\n<p>8:00 Run For Your Life de CETYS (5K) Ceart<\/p>\n","protected":false},"excerpt":{"rendered":"","protected":false},"author":1,"featured_media":2915966,"comment_status":"open","ping_status":"closed","sticky":false,"template":"","format":"standard","meta":{"footnotes":""},"categories":[31],"tags":[595],"class_list":["post-2915965","post","type-post","status-publish","format-standard","has-post-thumbnail","hentry","category-atletismo","tag-destacado"],"_links":{"self":[{"href":"https:\/\/agpnoticias.com\/news\/index.php?rest_route=\/wp\/v2\/posts\/2915965","targetHints":{"allow":["GET"]}}],"collection":[{"href":"https:\/\/agpnoticias.com\/news\/index.php?rest_route=\/wp\/v2\/posts"}],"about":[{"href":"https:\/\/agpnoticias.com\/news\/index.php?rest_route=\/wp\/v2\/types\/post"}],"author":[{"embeddable":true,"href":"https:\/\/agpnoticias.com\/news\/index.php?rest_route=\/wp\/v2\/users\/1"}],"replies":[{"embeddable":true,"href":"https:\/\/agpnoticias.com\/news\/index.php?rest_route=%2Fwp%2Fv2%2Fcomments&post=2915965"}],"version-history":[{"count":1,"href":"https:\/\/agpnoticias.com\/news\/index.php?rest_route=\/wp\/v2\/posts\/2915965\/revisions"}],"predecessor-version":[{"id":2915967,"href":"https:\/\/agpnoticias.com\/news\/index.php?rest_route=\/wp\/v2\/posts\/2915965\/revisions\/2915967"}],"wp:featuredmedia":[{"embeddable":true,"href":"https:\/\/agpnoticias.com\/news\/index.php?rest_route=\/wp\/v2\/media\/2915966"}],"wp:attachment":[{"href":"https:\/\/agpnoticias.com\/news\/index.php?rest_route=%2Fwp%2Fv2%2Fmedia&parent=2915965"}],"wp:term":[{"taxonomy":"category","embeddable":true,"href":"https:\/\/agpnoticias.com\/news\/index.php?rest_route=%2Fwp%2Fv2%2Fcategories&post=2915965"},{"taxonomy":"post_tag","embeddable":true,"href":"https:\/\/agpnoticias.com\/news\/index.php?rest_route=%2Fwp%2Fv2%2Ftags&post=2915965"}],"curies":[{"name":"wp","href":"https:\/\/api.w.org\/{rel}","templated":true}]}}