{"id":2915971,"date":"2020-07-14T13:43:48","date_gmt":"2020-07-14T20:43:48","guid":{"rendered":"https:\/\/agpnoticias.com\/news\/?p=2915971"},"modified":"2020-07-14T13:44:00","modified_gmt":"2020-07-14T20:44:00","slug":"molina-encabeza-lista-de-jugadores-locales-invitados-por-el-atletico-ensenada","status":"publish","type":"post","link":"https:\/\/agpnoticias.com\/news\/?p=2915971","title":{"rendered":"Molina encabeza lista de jugadores locales invitados por el Atl\u00e9tico Ensenada"},"content":{"rendered":"\n<p>Ensenada, Baja California.- El Atl\u00e9tico Ensenada present\u00f3 la convocatoria de jugadores locales invitados a las pr\u00e1cticas rumbo a la temporada de la Liga de Balompi\u00e9 Mexicano, entre quienes destaca Alejandro Molina, con experiencia en primera divisi\u00f3n como integrante de Xolos de Tijuana y Rayados de Monterrey.<\/p>\n<p>El resto son elementos que en su mayor\u00eda han tenido experiencia dentro de circuitos como la segunda y la tercera divisi\u00f3n, adem\u00e1s del \u00e1mbito aficionado de Baja California.<\/p>\n<figure id=\"attachment_2915973\" aria-describedby=\"caption-attachment-2915973\" style=\"width: 435px\" class=\"wp-caption aligncenter\"><a href=\"https:\/\/agpnoticias.com\/news\/molina-encabeza-lista-de-jugadores-locales-invitados-por-el-atletico-ensenada\/jose-luis-fischer-e1438205922133\/\" rel=\"attachment wp-att-2915973\"><img fetchpriority=\"high\" decoding=\"async\" class=\"size-full wp-image-2915973\" src=\"https:\/\/agpnoticias.com\/news\/wp-content\/uploads\/2020\/07\/Jos\u00e9-Luis-Fischer-e1438205922133.jpg\" alt=\"\" width=\"435\" height=\"585\" \/><\/a><figcaption id=\"caption-attachment-2915973\" class=\"wp-caption-text\">Jos\u00e9 Luis Fischer, ex jugador del equipo de Tercera Divisi\u00f3n, Tiburones Blancos de Ensenada<\/figcaption><\/figure>\n<p>A Molina se une su compa\u00f1ero de generaci\u00f3n como prospectos de Pachuca en su momento, as\u00ed como Jos\u00e9 Luis Fischer, Jonathan Mart\u00ednez, Luis Amezcua, Omar R\u00edos, Alexis L\u00f3pez, Rigo N\u00e1jera, Miguel Vences, Daniel Quintero, Yair Beltr\u00e1n y C\u00e9sar Paniagua.<\/p>\n<p>El mexicalense Daniel L\u00f3pez y el tijuanense Brian Scoto tambi\u00e9n aparecen en el listado difundido por el presidente del Atl\u00e9tico Ensenada, Antonio Garc\u00eda Rojas.<\/p>\n","protected":false},"excerpt":{"rendered":"","protected":false},"author":1,"featured_media":2915972,"comment_status":"open","ping_status":"closed","sticky":false,"template":"","format":"standard","meta":{"footnotes":""},"categories":[32],"tags":[595],"class_list":["post-2915971","post","type-post","status-publish","format-standard","has-post-thumbnail","hentry","category-soccer","tag-destacado"],"_links":{"self":[{"href":"https:\/\/agpnoticias.com\/news\/index.php?rest_route=\/wp\/v2\/posts\/2915971","targetHints":{"allow":["GET"]}}],"collection":[{"href":"https:\/\/agpnoticias.com\/news\/index.php?rest_route=\/wp\/v2\/posts"}],"about":[{"href":"https:\/\/agpnoticias.com\/news\/index.php?rest_route=\/wp\/v2\/types\/post"}],"author":[{"embeddable":true,"href":"https:\/\/agpnoticias.com\/news\/index.php?rest_route=\/wp\/v2\/users\/1"}],"replies":[{"embeddable":true,"href":"https:\/\/agpnoticias.com\/news\/index.php?rest_route=%2Fwp%2Fv2%2Fcomments&post=2915971"}],"version-history":[{"count":2,"href":"https:\/\/agpnoticias.com\/news\/index.php?rest_route=\/wp\/v2\/posts\/2915971\/revisions"}],"predecessor-version":[{"id":2915976,"href":"https:\/\/agpnoticias.com\/news\/index.php?rest_route=\/wp\/v2\/posts\/2915971\/revisions\/2915976"}],"wp:featuredmedia":[{"embeddable":true,"href":"https:\/\/agpnoticias.com\/news\/index.php?rest_route=\/wp\/v2\/media\/2915972"}],"wp:attachment":[{"href":"https:\/\/agpnoticias.com\/news\/index.php?rest_route=%2Fwp%2Fv2%2Fmedia&parent=2915971"}],"wp:term":[{"taxonomy":"category","embeddable":true,"href":"https:\/\/agpnoticias.com\/news\/index.php?rest_route=%2Fwp%2Fv2%2Fcategories&post=2915971"},{"taxonomy":"post_tag","embeddable":true,"href":"https:\/\/agpnoticias.com\/news\/index.php?rest_route=%2Fwp%2Fv2%2Ftags&post=2915971"}],"curies":[{"name":"wp","href":"https:\/\/api.w.org\/{rel}","templated":true}]}}