{"id":2917056,"date":"2020-10-03T16:13:06","date_gmt":"2020-10-03T23:13:06","guid":{"rendered":"https:\/\/agpnoticias.com\/news\/?p=2917056"},"modified":"2020-10-05T09:17:18","modified_gmt":"2020-10-05T16:17:18","slug":"boxeadores-ensenadenses-adornan-su-barberia-para-que-los-conozcan","status":"publish","type":"post","link":"https:\/\/agpnoticias.com\/news\/?p=2917056","title":{"rendered":"Boxeadores ensenadenses adornan su barber\u00eda: \u00abPara que los conozcan\u00bb"},"content":{"rendered":"\n<p class=\"p1\">Ensenada, Baja California.- A trav\u00e9s de un homenaje a los talentos box\u00edsticos de Ensenada, Humberto Ponce Hern\u00e1ndez pretende iniciar un movimiento que les facilite la promoci\u00f3n de sus carreras.<\/p>\n<p class=\"p1\">Una de las paredes de su empresa, barber\u00eda Teximani, se ha transformado\u00a0hasta convertirse en un mural donde aparecen las im\u00e1genes de los boxeadores que \u00e9l, como aficionado a la disciplina, admira.<\/p>\n<p class=\"p1\">Est\u00e1n desde el peleador en el retiro Jos\u00e9 Guardado, \u00fanico en el retiro, quien aparece junto a su hijo Iv\u00e1n.<\/p>\n<p class=\"p1\">El resto lo completan peleadores vigentes, desde los protagonistas de peleas de campeonato del mundo, Max Flores y Carlos \u00abChema\u00bb Ocampo, hasta j\u00f3venes e incluso ni\u00f1os que aspiran a proyectar su talento.<\/p>\n<p class=\"p1\">\u00abEl mural tiene la finalidad de ser punta de lanza, pionero para que la gente levante la mano y no sea solo una barber\u00eda sino que haya un lugar de la ciudad donde m\u00e1s personas tengan acceso a conocerlos\u00bb, explic\u00f3.<\/p>\n<p><img fetchpriority=\"high\" decoding=\"async\" class=\"aligncenter size-full wp-image-2917058\" src=\"https:\/\/agpnoticias.com\/news\/wp-content\/uploads\/2020\/10\/IMG_3888-e1601852801781.jpg\" alt=\"\" width=\"600\" height=\"338\" \/><\/p>\n<p class=\"p1\">Humberto Ponce es enfermero de profesi\u00f3n, pero tres a\u00f1os atr\u00e1s decidi\u00f3 hacer empresa. Entre su personal labora uno de los protagonistas del homenaje, Daniel \u00abAlem\u00e1n\u00bb Garc\u00eda.<\/p>\n<p class=\"p1\">\u00abLa idea (del mural) naci\u00f3 con el proyecto de la barber\u00eda para aprovechar que la gente que venga se interese por saber qui\u00e9nes son los boxeadores y que ma\u00f1ana sea alguien m\u00e1s quien tome la idea para darles ese apoyo\u00bb, refiri\u00f3.<\/p>\n<p class=\"p1\">Consider\u00f3 que los boxeadores carecen del est\u00edmulo y calific\u00f3 como penoso verlos desfilar sin recursos para hacer una carrera brillante, por lo que tiene en mente establecer un programa en beneficio de los que inician su trayecto. \u00abSoy aficionado de hueso colorado y por eso empec\u00e9 a planear la idea. La mayor\u00eda son amigos y quiero que la gente los conozca, algunos son famosos y otros apenas empiezan\u00bb.<\/p>\n<p class=\"p1\">Por fortuna, dijo, la clientela no ha faltado desde la apertura de su barber\u00eda, ubicada en la calle Bronce 137 de Ensenada.<\/p>\n<p><img decoding=\"async\" class=\"aligncenter size-full wp-image-2917057\" src=\"https:\/\/agpnoticias.com\/news\/wp-content\/uploads\/2020\/10\/DSC_6135-e1601852819517.jpg\" alt=\"\" width=\"600\" height=\"354\" \/><\/p>\n<p class=\"p1\"><b>EN EL MURAL<\/b><\/p>\n<p class=\"p1\">Isaac \u00abChocoleiro\u00bb Guti\u00e9rrez<\/p>\n<p class=\"p1\">Jos\u00e9 Guardado<\/p>\n<p class=\"p1\">Iv\u00e1n Guardado<\/p>\n<p class=\"p1\">Imanol Rodr\u00edguez<\/p>\n<p class=\"p1\">Axel \u00abMini\u00bb Vega<\/p>\n<p class=\"p1\">Giovani \u00abRayito\u00bb Morales<\/p>\n<p class=\"p1\">Rub\u00e9n \u00abPollito\u00bb Aguilar<\/p>\n<p class=\"p1\">Carlos \u00abChema\u00bb Ocampo<\/p>\n<p class=\"p1\">Gael Valdez<\/p>\n<p class=\"p1\">Ezequiel Ponce<\/p>\n<p class=\"p1\">Elyud Valdez<\/p>\n<p class=\"p1\">Omar \u00abPollo\u00bb Aguilar<\/p>\n<p class=\"p1\">Daniel \u00abAlem\u00e1n\u00bb Garc\u00eda<\/p>\n<p class=\"p1\">Max Flores<\/p>\n<p class=\"p1\">Rafael Guzm\u00e1n<\/p>\n<p class=\"p1\">Alex Navarro<\/p>\n<p class=\"p1\">Alfredo \u00abKing\u00bb Mej\u00eda<\/p>\n","protected":false},"excerpt":{"rendered":"","protected":false},"author":1,"featured_media":2917059,"comment_status":"open","ping_status":"closed","sticky":false,"template":"","format":"standard","meta":{"footnotes":""},"categories":[36],"tags":[595],"class_list":["post-2917056","post","type-post","status-publish","format-standard","has-post-thumbnail","hentry","category-boxeo","tag-destacado"],"_links":{"self":[{"href":"https:\/\/agpnoticias.com\/news\/index.php?rest_route=\/wp\/v2\/posts\/2917056","targetHints":{"allow":["GET"]}}],"collection":[{"href":"https:\/\/agpnoticias.com\/news\/index.php?rest_route=\/wp\/v2\/posts"}],"about":[{"href":"https:\/\/agpnoticias.com\/news\/index.php?rest_route=\/wp\/v2\/types\/post"}],"author":[{"embeddable":true,"href":"https:\/\/agpnoticias.com\/news\/index.php?rest_route=\/wp\/v2\/users\/1"}],"replies":[{"embeddable":true,"href":"https:\/\/agpnoticias.com\/news\/index.php?rest_route=%2Fwp%2Fv2%2Fcomments&post=2917056"}],"version-history":[{"count":4,"href":"https:\/\/agpnoticias.com\/news\/index.php?rest_route=\/wp\/v2\/posts\/2917056\/revisions"}],"predecessor-version":[{"id":2917069,"href":"https:\/\/agpnoticias.com\/news\/index.php?rest_route=\/wp\/v2\/posts\/2917056\/revisions\/2917069"}],"wp:featuredmedia":[{"embeddable":true,"href":"https:\/\/agpnoticias.com\/news\/index.php?rest_route=\/wp\/v2\/media\/2917059"}],"wp:attachment":[{"href":"https:\/\/agpnoticias.com\/news\/index.php?rest_route=%2Fwp%2Fv2%2Fmedia&parent=2917056"}],"wp:term":[{"taxonomy":"category","embeddable":true,"href":"https:\/\/agpnoticias.com\/news\/index.php?rest_route=%2Fwp%2Fv2%2Fcategories&post=2917056"},{"taxonomy":"post_tag","embeddable":true,"href":"https:\/\/agpnoticias.com\/news\/index.php?rest_route=%2Fwp%2Fv2%2Ftags&post=2917056"}],"curies":[{"name":"wp","href":"https:\/\/api.w.org\/{rel}","templated":true}]}}