{"id":2918171,"date":"2020-11-17T15:11:51","date_gmt":"2020-11-17T23:11:51","guid":{"rendered":"https:\/\/agpnoticias.com\/news\/?p=2918171"},"modified":"2020-11-17T15:11:53","modified_gmt":"2020-11-17T23:11:53","slug":"destaca-tijuana-por-tasa-de-ocupacion-mas-alta-a-nivel-nacional-arturo-gonzalez-cruz","status":"publish","type":"post","link":"https:\/\/agpnoticias.com\/news\/?p=2918171","title":{"rendered":"Destaca Tijuana por tasa de ocupaci\u00f3n mas alta a nivel nacional: Arturo Gonz\u00e1lez Cruz"},"content":{"rendered":"\n<p>Tijuana, Baja California.- Tijuana se encuentra en el primer lugar, a nivel nacional, con la tasa de ocupaci\u00f3n m\u00e1s alta, de acuerdo a datos del Instituto Nacional de Estad\u00edstica y Geograf\u00eda (Inegi), cifra que refleja el impulso de pol\u00edticas p\u00fablicas que promueven la generaci\u00f3n de oportunidades y el bienestar de los ciudadanos, resalt\u00f3 el presidente municipal, Arturo Gonz\u00e1lez Cruz.<\/p>\n<p>\u201cTijuana registra la menor tasa de desocupaci\u00f3n a nivel nacional, registrando s\u00f3lo 2.1 por ciento, en comparaci\u00f3n a otros municipios y entidades de M\u00e9xico. Esto sin duda es resultado del esfuerzo conjunto, entre el Gobierno Municipal y el sector empresarial, al implementar estrategias para la creaci\u00f3n de nuevos empleos\u201d, expres\u00f3 el primer edil.<\/p>\n<p><a href=\"https:\/\/agpnoticias.com\/news\/destaca-tijuana-por-tasa-de-ocupacion-mas-alta-a-nivel-nacional-arturo-gonzalez-cruz\/trabajjo\/\" rel=\"attachment wp-att-2918173\"><img fetchpriority=\"high\" decoding=\"async\" class=\"aligncenter size-full wp-image-2918173\" src=\"https:\/\/agpnoticias.com\/news\/wp-content\/uploads\/2020\/11\/Trabajjo.jpg\" alt=\"\" width=\"1024\" height=\"695\"><\/a><\/p>\n<p>Gonz\u00e1lez Cruz inform\u00f3 que de acuerdo con la Encuesta Nacional de Ocupaci\u00f3n y Empleo (ENOE), realizada por Inegi y publicada el 17 de noviembre de 2020, Tijuana presenta la tasa de ocupaci\u00f3n m\u00e1s alta a nivel nacional con 97.9 por ciento, al tercer trimestre del a\u00f1o 2020.<\/p>\n<p>El Gobierno Municipal, a trav\u00e9s de la Secretar\u00eda de Desarrollo Econ\u00f3mico de Tijuana (Sedeti), implementa acciones para vincular la oferta laboral entre empresas y ciudadanos, con apoyo del programa \u2018Bolsa de Trabajo\u2019, que cuenta con 164 compa\u00f1\u00edas afiliadas, mismas que han ofertado m\u00e1s de 30 mil empleos en el 2020.<\/p>\n<p><a href=\"https:\/\/agpnoticias.com\/news\/destaca-tijuana-por-tasa-de-ocupacion-mas-alta-a-nivel-nacional-arturo-gonzalez-cruz\/gonzalez\/\" rel=\"attachment wp-att-2918174\"><img decoding=\"async\" class=\"aligncenter size-full wp-image-2918174\" src=\"https:\/\/agpnoticias.com\/news\/wp-content\/uploads\/2020\/11\/Gonzalez.jpg\" alt=\"\" width=\"1024\" height=\"682\"><\/a><\/p>\n<p>A los interesados en conocer la oferta laboral de este programa, pueden ingresar a la p\u00e1gina: http:\/\/www.tijuana.gob.mx\/dependencias\/sedeti\/bolsadeTrabajo.aspx. De igual forma, las empresas interesadas en darse de alta y ofertar oportunidades laborales, pueden enviar su informaci\u00f3n al correo: bolsadetrabajo@tijuana.gob.mx<\/p>\n","protected":false},"excerpt":{"rendered":"","protected":false},"author":1,"featured_media":2918172,"comment_status":"open","ping_status":"closed","sticky":false,"template":"","format":"standard","meta":{"footnotes":""},"categories":[1],"tags":[],"class_list":["post-2918171","post","type-post","status-publish","format-standard","has-post-thumbnail","hentry","category-uncategorized"],"_links":{"self":[{"href":"https:\/\/agpnoticias.com\/news\/index.php?rest_route=\/wp\/v2\/posts\/2918171","targetHints":{"allow":["GET"]}}],"collection":[{"href":"https:\/\/agpnoticias.com\/news\/index.php?rest_route=\/wp\/v2\/posts"}],"about":[{"href":"https:\/\/agpnoticias.com\/news\/index.php?rest_route=\/wp\/v2\/types\/post"}],"author":[{"embeddable":true,"href":"https:\/\/agpnoticias.com\/news\/index.php?rest_route=\/wp\/v2\/users\/1"}],"replies":[{"embeddable":true,"href":"https:\/\/agpnoticias.com\/news\/index.php?rest_route=%2Fwp%2Fv2%2Fcomments&post=2918171"}],"version-history":[{"count":2,"href":"https:\/\/agpnoticias.com\/news\/index.php?rest_route=\/wp\/v2\/posts\/2918171\/revisions"}],"predecessor-version":[{"id":2918176,"href":"https:\/\/agpnoticias.com\/news\/index.php?rest_route=\/wp\/v2\/posts\/2918171\/revisions\/2918176"}],"wp:featuredmedia":[{"embeddable":true,"href":"https:\/\/agpnoticias.com\/news\/index.php?rest_route=\/wp\/v2\/media\/2918172"}],"wp:attachment":[{"href":"https:\/\/agpnoticias.com\/news\/index.php?rest_route=%2Fwp%2Fv2%2Fmedia&parent=2918171"}],"wp:term":[{"taxonomy":"category","embeddable":true,"href":"https:\/\/agpnoticias.com\/news\/index.php?rest_route=%2Fwp%2Fv2%2Fcategories&post=2918171"},{"taxonomy":"post_tag","embeddable":true,"href":"https:\/\/agpnoticias.com\/news\/index.php?rest_route=%2Fwp%2Fv2%2Ftags&post=2918171"}],"curies":[{"name":"wp","href":"https:\/\/api.w.org\/{rel}","templated":true}]}}