{"id":2918177,"date":"2020-11-17T15:21:11","date_gmt":"2020-11-17T23:21:11","guid":{"rendered":"https:\/\/agpnoticias.com\/news\/?p=2918177"},"modified":"2020-11-17T15:22:27","modified_gmt":"2020-11-17T23:22:27","slug":"baja-1000-fortalecera-economia-y-promueve-atractivos-de-ensenada-a-nivel-mundial-alcalde-de-ensenada","status":"publish","type":"post","link":"https:\/\/agpnoticias.com\/news\/?p=2918177","title":{"rendered":"Baja 1000 fortalecer\u00e1 econom\u00eda y promueve atractivos de Ensenada a nivel mundial: Alcalde de Ensenada"},"content":{"rendered":"\n<p><br><br>Ensenada B.C.- Martes 17 de noviembre de 2020.- Todo est\u00e1 listo para que desde \u00e9ste martes hasta el domingo 22 de noviembre se lleve a cabo la tradicional carrera fuera de camino Baja 1000, evento que forma parte de la identidad ensenadense y que ubica al municipio como la capital mundial del off road.<\/p>\n<p>El presidente Armando Ayala Robles dio a conocer que tras realizar una \u00faltima revisi\u00f3n a los protocolos de bioseguridad, se corrobor\u00f3 el cumplimiento de los mismos lo que permitir\u00e1 el adecuado desarrollo de la edici\u00f3n 53 de la carrera.<\/p>\n<p>Resalt\u00f3 que estas acciones tienen como finalidad que el encuentro se realice sin riesgos para la salud de los equipos participantes, comit\u00e9 organizador, autoridades y medios de comunicaci\u00f3n que dar\u00e1n cobertura al recorrido.<\/p>\n<p>\u201cSe han desarrollado diversas reuniones de trabajo para revisar los lineamientos y realizar los ajustes necesarios; en lo que corresponde al Ayuntamiento se ha puesto en marcha un operativo especial de tr\u00e1nsito y vigilancia; as\u00ed como revisiones en materia de comercio\u201d, apunt\u00f3.<\/p>\n<p>Ayala Robles subray\u00f3 que este evento coadyuvar\u00e1 de manera muy importante en la reactivaci\u00f3n econ\u00f3mica de Ensenada, es por ello que -asegur\u00f3- se redoblan esfuerzos para que tanto organizadores, participantes, prestadores de servicios y poblaci\u00f3n en general se apeguen por completo a los protocolos sanitarios.<\/p>\n<p>Record\u00f3 que por primera vez en su historia, no se realizar\u00e1 revisi\u00f3n mec\u00e1nica, ni se permitir\u00e1 la presencia de espectadores en la zona de salida y meta.<\/p>\n<p>Sin embargo, puntualiz\u00f3 que para que los millones de aficionados -locales y extranjeros- no se pierdan la oportunidad de ver la carrera, \u00e9sta se trasmitir\u00e1 en vivo por diversas p\u00e1ginas electr\u00f3nicas.<\/p>\n<p>\u201cLas carreras forman parte de nuestra identidad como ensenadenses, el gusto por el rugir de los motores se pasa de generaci\u00f3n en generaci\u00f3n y lo vemos en cada evento organizado por Score International\u201d, apunt\u00f3,<\/p>\n<p>Se\u00f1al\u00f3 que hasta el momento se ha confirmado la participaci\u00f3n de 200 equipos procedentes de 12 pa\u00edses y 20 estados de la Uni\u00f3n Americana; se reporta una ocupaci\u00f3n hotelera del 80 por ciento -en apego al aforo permitido a los hoteles que es del 50 por ciento de su capacidad-; se reporta gran afluencia en restaurantes, gasolineras y tiendas de autoservicio, entre otros giros.<\/p>\n<p>El primer edil coment\u00f3 que \u00e9ste fin de semana la carrera se trasmitir\u00e1 en vivo por internet y llegar\u00e1 a m\u00e1s de 600 mil personas; pero, en las primera semanas de 2021 se retrasmitir\u00e1 en las cadenas ABC Sports y ESPN que llegan a 115 millones de hogares en Estados Unidos y a 25 pa\u00edses.&nbsp;<\/p>\n<p>\u201cEn tiempos de pandemia debemos ser cuidadosos y como poblaci\u00f3n poner de nuestra parte, pues \u00e9ste tradicional evento no s\u00f3lo genera derrama econ\u00f3mica para las familias que residen en nuestro extenso territorio, tambi\u00e9n promueve nuestros atractivos a nivel mundial\u201d, afirm\u00f3.<\/p>\n<p><strong>Operativos especiales en materia de seguridad y comercio<\/strong><\/p>\n<p>El presidente municipal precis\u00f3 que desde el domingo 15 de noviembre inici\u00f3 el cierre del Libramiento Ensenada y carretera Ensenada-San Antonio de las Minas, ya que en esta zona se ubicar\u00e1 la salida y meta del recorrido.<\/p>\n<p>Detall\u00f3 que adem\u00e1s de dicho entronque, el crucero de la Prolongaci\u00f3n Ruiz y calle que conduce al Cobach del fraccionamiento Los Encinos, tambi\u00e9n permanecer\u00e1 cerrado de manera temporal.<\/p>\n<p>Ambos entronques viales -puntualiz\u00f3- se abrir\u00e1n de nuevo a la circulaci\u00f3n alrededor de las 20:00 horas del domingo 22 de noviembre.<\/p>\n<p>\u201cEn la vigilancia de la zona de salida y meta, participar\u00e1n un total de 30 elementos de la Direcci\u00f3n de Seguridad P\u00fablica Municipal, mientras que el resto de la ruta estar\u00e1 a cargo de la Guardia Nacional\u201d, manifest\u00f3.<\/p>\n<p><br>Armando Ayala resalt\u00f3 que a fin de verificar el cumplimiento de protocolos, con apoyo de la Coordinaci\u00f3n Municipal de Protecci\u00f3n Civil y el Departamento de Comercio, Alcoholes y Espect\u00e1culos P\u00fablicos se reforzar\u00e1n los recorridos por establecimientos comerciales de todos los giros.<br>\u201cEste fin de semana -con motivo de la carrera- incrementar\u00e1 considerablemente la afluencia vehicular y de personas, motivo por el que en los establecimientos se deben respetar los aforos y contar con los filtros requeridos. Queremos que la econom\u00eda se reactive, pero queremos que sea de manera segura\u201d, enfatiz\u00f3.<\/p>\n<p>Recalc\u00f3 que con apoyo del personal de las Delegaciones se estar\u00e1 muy pendiente de que en los puntos de la ruta ubicados en: Ojos Negros, Santo Tom\u00e1s, Er\u00e9ndira, vado de San Quint\u00edn y Punta Prieta, no se registren aglomeraciones de personas.<\/p>\n<p>El alcalde subray\u00f3 que es de vital importancia que quienes acudan a los puntos de la ruta ubicados en las delegaciones cumplan con las medidas preventivas, que utilicen cubreboca, mantengan la sana distancia, utilicen gel antibacterial y se abstengan de acudir si se presentan s\u00edntomas de enfermedad respiratoria.<\/p>\n<p>\u201cHoy damos la bienvenida a los 200 equipos que participar\u00e1n en la Baja 1000, aunque esta vez las calles no lucir\u00e1n abarrotadas por nuestra apasionada afici\u00f3n, tenemos la certeza de que juntos saldremos avantes de esta pandemia y que en las pr\u00f3ximas ediciones conviviremos como la gran familia que somos\u201d, concluy\u00f3 el alcalde<\/p>\n","protected":false},"excerpt":{"rendered":"","protected":false},"author":1,"featured_media":2918178,"comment_status":"open","ping_status":"closed","sticky":false,"template":"","format":"standard","meta":{"footnotes":""},"categories":[37],"tags":[595],"class_list":["post-2918177","post","type-post","status-publish","format-standard","has-post-thumbnail","hentry","category-off-road","tag-destacado"],"_links":{"self":[{"href":"https:\/\/agpnoticias.com\/news\/index.php?rest_route=\/wp\/v2\/posts\/2918177","targetHints":{"allow":["GET"]}}],"collection":[{"href":"https:\/\/agpnoticias.com\/news\/index.php?rest_route=\/wp\/v2\/posts"}],"about":[{"href":"https:\/\/agpnoticias.com\/news\/index.php?rest_route=\/wp\/v2\/types\/post"}],"author":[{"embeddable":true,"href":"https:\/\/agpnoticias.com\/news\/index.php?rest_route=\/wp\/v2\/users\/1"}],"replies":[{"embeddable":true,"href":"https:\/\/agpnoticias.com\/news\/index.php?rest_route=%2Fwp%2Fv2%2Fcomments&post=2918177"}],"version-history":[{"count":1,"href":"https:\/\/agpnoticias.com\/news\/index.php?rest_route=\/wp\/v2\/posts\/2918177\/revisions"}],"predecessor-version":[{"id":2918179,"href":"https:\/\/agpnoticias.com\/news\/index.php?rest_route=\/wp\/v2\/posts\/2918177\/revisions\/2918179"}],"wp:featuredmedia":[{"embeddable":true,"href":"https:\/\/agpnoticias.com\/news\/index.php?rest_route=\/wp\/v2\/media\/2918178"}],"wp:attachment":[{"href":"https:\/\/agpnoticias.com\/news\/index.php?rest_route=%2Fwp%2Fv2%2Fmedia&parent=2918177"}],"wp:term":[{"taxonomy":"category","embeddable":true,"href":"https:\/\/agpnoticias.com\/news\/index.php?rest_route=%2Fwp%2Fv2%2Fcategories&post=2918177"},{"taxonomy":"post_tag","embeddable":true,"href":"https:\/\/agpnoticias.com\/news\/index.php?rest_route=%2Fwp%2Fv2%2Ftags&post=2918177"}],"curies":[{"name":"wp","href":"https:\/\/api.w.org\/{rel}","templated":true}]}}