{"id":2918199,"date":"2020-11-17T22:22:26","date_gmt":"2020-11-18T06:22:26","guid":{"rendered":"https:\/\/agpnoticias.com\/news\/?p=2918199"},"modified":"2020-11-17T22:22:28","modified_gmt":"2020-11-18T06:22:28","slug":"oficial-saul-canelo-alvarez-enfrentara-a-callum-smith-a-finales-del-2020","status":"publish","type":"post","link":"https:\/\/agpnoticias.com\/news\/?p=2918199","title":{"rendered":"Oficial: Sa\u00fal \u00abCanelo\u00bb \u00c1lvarez enfrentar\u00e1 a Callum Smith a finales del 2020"},"content":{"rendered":"\n<p>Sa\u00fal &#8216;Canelo&#8217; \u00c1lvarez inform\u00f3 a trav\u00e9s de su cuenta de Twitter que enfrentar\u00e1 el 19 de diciembre al boxeador ingl\u00e9s Callum Smith. El enfrentamiento marcar\u00e1 el regreso del tapat\u00edo al ring, tras su \u00faltima pelea en 2019 contra el ruso Sergey Kovalev.<\/p>\n<p><blockquote class=\"twitter-tweet\" data-width=\"550\" data-dnt=\"true\"><p lang=\"en\" dir=\"ltr\">?? Este 19 de diciembre ser\u00e1 mi regreso al ring para enfrentarme a Callum Smith.<br><br>?? I&#39;ll be returning to the ring on December 19th to face Callum Smith.\u00a0<a href=\"https:\/\/twitter.com\/hashtag\/TheP4PKingIsBack?src=hash&amp;ref_src=twsrc%5Etfw\">#TheP4PKingIsBack<\/a> <a href=\"https:\/\/twitter.com\/hashtag\/CaneloSmith?src=hash&amp;ref_src=twsrc%5Etfw\">#CaneloSmith<\/a> <a href=\"https:\/\/t.co\/HDJqK44JOF\">pic.twitter.com\/HDJqK44JOF<\/a><\/p>&mdash; Canelo Alvarez (@Canelo) <a href=\"https:\/\/twitter.com\/Canelo\/status\/1328839605324558336?ref_src=twsrc%5Etfw\">November 17, 2020<\/a><\/blockquote><script async src=\"https:\/\/platform.twitter.com\/widgets.js\" charset=\"utf-8\"><\/script><\/p>\n<div id=\"bb-iawr-inarticle-antipodes_expansion_lifestyle_dk_mw_outstream_inarticle\" class=\"bb_iawr\">\n<div id=\"bb-wr-inarticle-antipodes_expansion_lifestyle_dk_mw_outstream_inarticle\" class=\"bb-media bb_wrapper bb-muted bb-mode-commercial bb-phase-main bb-state-loading bb-pendingplay\" data-sid=\"2vpQkByILjsT\" data-currenttime=\"0\" data-duration=\"0\" data-isready=\"true\" data-autoplaynextremainingtime=\"0\">\n<div class=\"bb-layer bb-skin-layer bb-muted bb-mode-commercial bb-phase-main bb-state-loading bb-pendingplay\">\n<div id=\"bb-skin-xb0hrpzwjv\" class=\"bb-container\">\n<div class=\"bbv bbv--medium bbv-size--medium bb-is-landscape bbv-autoPlayNextActive--false autoPlayNext--undefined bbv-autoplay--false bbv-timeline--false\" tabindex=\"0\">\n<div class=\"bbv-controls-wrapper\">\n<div class=\"bbv-controls bb-hidecommercial bbv-playout--autohide bbv-timeline--false\">\n<div class=\"bbv-progress bbv-slider-component bbv-inverted-false bbv-disabled-false\" tabindex=\"0\" data-v-1aac9ace=\"\" aria-label=\"Voortgang\"><span style=\"color: #000000; font-family: 'PT Serif', sans-serif; font-size: inherit;\">Este 19 de diciembre ser\u00e1 mi regreso al ring para enfrentarme a Callum Smith\u00bb, tuite\u00f3 el mexicano.<\/span><\/div>\n<div tabindex=\"0\" data-v-1aac9ace=\"\" aria-label=\"Voortgang\">&nbsp;<\/div>\n<\/div>\n<\/div>\n<\/div>\n<div tabindex=\"0\" data-v-1aac9ace=\"\" aria-label=\"Voortgang\">&nbsp;<\/div>\n<\/div>\n<\/div>\n<\/div>\n<\/div>\n","protected":false},"excerpt":{"rendered":"","protected":false},"author":1,"featured_media":2918200,"comment_status":"open","ping_status":"closed","sticky":false,"template":"","format":"standard","meta":{"footnotes":""},"categories":[36],"tags":[],"class_list":["post-2918199","post","type-post","status-publish","format-standard","has-post-thumbnail","hentry","category-boxeo"],"_links":{"self":[{"href":"https:\/\/agpnoticias.com\/news\/index.php?rest_route=\/wp\/v2\/posts\/2918199","targetHints":{"allow":["GET"]}}],"collection":[{"href":"https:\/\/agpnoticias.com\/news\/index.php?rest_route=\/wp\/v2\/posts"}],"about":[{"href":"https:\/\/agpnoticias.com\/news\/index.php?rest_route=\/wp\/v2\/types\/post"}],"author":[{"embeddable":true,"href":"https:\/\/agpnoticias.com\/news\/index.php?rest_route=\/wp\/v2\/users\/1"}],"replies":[{"embeddable":true,"href":"https:\/\/agpnoticias.com\/news\/index.php?rest_route=%2Fwp%2Fv2%2Fcomments&post=2918199"}],"version-history":[{"count":1,"href":"https:\/\/agpnoticias.com\/news\/index.php?rest_route=\/wp\/v2\/posts\/2918199\/revisions"}],"predecessor-version":[{"id":2918201,"href":"https:\/\/agpnoticias.com\/news\/index.php?rest_route=\/wp\/v2\/posts\/2918199\/revisions\/2918201"}],"wp:featuredmedia":[{"embeddable":true,"href":"https:\/\/agpnoticias.com\/news\/index.php?rest_route=\/wp\/v2\/media\/2918200"}],"wp:attachment":[{"href":"https:\/\/agpnoticias.com\/news\/index.php?rest_route=%2Fwp%2Fv2%2Fmedia&parent=2918199"}],"wp:term":[{"taxonomy":"category","embeddable":true,"href":"https:\/\/agpnoticias.com\/news\/index.php?rest_route=%2Fwp%2Fv2%2Fcategories&post=2918199"},{"taxonomy":"post_tag","embeddable":true,"href":"https:\/\/agpnoticias.com\/news\/index.php?rest_route=%2Fwp%2Fv2%2Ftags&post=2918199"}],"curies":[{"name":"wp","href":"https:\/\/api.w.org\/{rel}","templated":true}]}}