{"id":2918209,"date":"2020-11-18T20:06:56","date_gmt":"2020-11-19T04:06:56","guid":{"rendered":"https:\/\/agpnoticias.com\/news\/?p=2918209"},"modified":"2020-11-18T20:11:30","modified_gmt":"2020-11-19T04:11:30","slug":"extenderan-restricciones-fronterizas-hasta-el-21-de-diciembre","status":"publish","type":"post","link":"https:\/\/agpnoticias.com\/news\/?p=2918209","title":{"rendered":"Extender\u00e1n restricciones fronterizas hasta el 21 de diciembre"},"content":{"rendered":"\n<p>Por Agencias<\/p>\n<p>Las fronteras terrestres de Estados Unidos con Canad\u00e1 y M\u00e9xico permanecer\u00e1n cerradas a los viajes no esenciales al menos hasta el 21 de diciembre, dijeron autoridades este mi\u00e9rcoles, en medio de un n\u00famero creciente de casos de Covid-19 en ese pa\u00eds.<\/p>\n<p>Las restricciones actuales expiran el s\u00e1bado y se espera que las tres naciones aprueben otra extensi\u00f3n de 30 d\u00edas, asegur\u00f3 un funcionario de Estados Unidos, el pa\u00eds con m\u00e1s casos y muertes a causa de la pandemia en todo el mundo.<\/p>\n<p>Las restricciones se implementaron por primera vez en marzo para controlar la propagaci\u00f3n del coronavirus y se han extendido mensualmente desde entonces.<\/p>\n<p>\u201cTras revisar el desarrollo de la propagaci\u00f3n del Covid-19 en ambos pa\u00edses (\u2026) M\u00e9xico plante\u00f3 a Estados Unidos la extensi\u00f3n por un mes m\u00e1s de las restricciones al tr\u00e1nsito terrestre no esencial en su frontera com\u00fan\u201d, dijo la Canciller\u00eda mexicana en su cuenta de Twitter.<\/p>\n<p>\u201cLas restricciones se mantendr\u00e1n en los mismos t\u00e9rminos en que se han desarrollado desde su implementaci\u00f3n el 21 de marzo\u201d, agreg\u00f3. \u201cAmbos pa\u00edses coordinar\u00e1n las medidas sanitarias en la regi\u00f3n fronteriza que estar\u00e1n vigentes hasta las 23:59 hrs. del 21 de diciembre de 2020\u201d.<\/p>\n<p>En Ottawa, una fuente del gobierno canadiense asegur\u00f3 que las restricciones de viaje en la frontera terrestre entre Canad\u00e1 y Estados Unidos permanecer\u00edan vigentes durante al menos otro mes.<\/p>\n<p>Las restricciones son particularmente dolorosas para las ciudades estadounidenses, canadienses y mexicanas a lo largo de la frontera que est\u00e1n estrechamente entrelazadas.&nbsp;<\/p>\n","protected":false},"excerpt":{"rendered":"","protected":false},"author":1,"featured_media":2918216,"comment_status":"open","ping_status":"closed","sticky":false,"template":"","format":"standard","meta":{"footnotes":""},"categories":[1],"tags":[595],"class_list":["post-2918209","post","type-post","status-publish","format-standard","has-post-thumbnail","hentry","category-uncategorized","tag-destacado"],"_links":{"self":[{"href":"https:\/\/agpnoticias.com\/news\/index.php?rest_route=\/wp\/v2\/posts\/2918209","targetHints":{"allow":["GET"]}}],"collection":[{"href":"https:\/\/agpnoticias.com\/news\/index.php?rest_route=\/wp\/v2\/posts"}],"about":[{"href":"https:\/\/agpnoticias.com\/news\/index.php?rest_route=\/wp\/v2\/types\/post"}],"author":[{"embeddable":true,"href":"https:\/\/agpnoticias.com\/news\/index.php?rest_route=\/wp\/v2\/users\/1"}],"replies":[{"embeddable":true,"href":"https:\/\/agpnoticias.com\/news\/index.php?rest_route=%2Fwp%2Fv2%2Fcomments&post=2918209"}],"version-history":[{"count":2,"href":"https:\/\/agpnoticias.com\/news\/index.php?rest_route=\/wp\/v2\/posts\/2918209\/revisions"}],"predecessor-version":[{"id":2918218,"href":"https:\/\/agpnoticias.com\/news\/index.php?rest_route=\/wp\/v2\/posts\/2918209\/revisions\/2918218"}],"wp:featuredmedia":[{"embeddable":true,"href":"https:\/\/agpnoticias.com\/news\/index.php?rest_route=\/wp\/v2\/media\/2918216"}],"wp:attachment":[{"href":"https:\/\/agpnoticias.com\/news\/index.php?rest_route=%2Fwp%2Fv2%2Fmedia&parent=2918209"}],"wp:term":[{"taxonomy":"category","embeddable":true,"href":"https:\/\/agpnoticias.com\/news\/index.php?rest_route=%2Fwp%2Fv2%2Fcategories&post=2918209"},{"taxonomy":"post_tag","embeddable":true,"href":"https:\/\/agpnoticias.com\/news\/index.php?rest_route=%2Fwp%2Fv2%2Ftags&post=2918209"}],"curies":[{"name":"wp","href":"https:\/\/api.w.org\/{rel}","templated":true}]}}