{"id":2919752,"date":"2021-01-04T12:22:00","date_gmt":"2021-01-04T20:22:00","guid":{"rendered":"https:\/\/agpnoticias.com\/news\/?p=2919752"},"modified":"2021-01-04T12:28:39","modified_gmt":"2021-01-04T20:28:39","slug":"julian-velazquez-regresa-a-xolos","status":"publish","type":"post","link":"https:\/\/agpnoticias.com\/news\/?p=2919752","title":{"rendered":"Juli\u00e1n Vel\u00e1zquez regresa a Xolos"},"content":{"rendered":"\n<p class=\"p1\">Tijuana, Baja California.- Juli\u00e1n Vel\u00e1zquez regresa a Xolos para convertirse en el octavo elemento presentado para el Guard1anes 2021 en el plantel a cargo de Pablo Guede.<span class=\"Apple-converted-space\">\u00a0<\/span><\/p>\n<div class=\"google-auto-placed ap_container\">\n<p class=\"p1\">El defensor argentino se reincorpora despu\u00e9s de su paso por Quer\u00e9taro para unirse a refuerzos en esa zona como el chileno Gonzalo Jara, el ecuatoriano Brayan Angulo y Eduardo Tercero.<span class=\"Apple-converted-space\">\u00a0<\/span><\/p>\n<p class=\"p1\">Adem\u00e1s llegaron el mediocampista chileno Esteban Pavez y los delanteros Miguel Sansores, Fidel Mart\u00ednez y Mauro Manotas.<\/p>\n<p class=\"p1\">El Club Tijuana inform\u00f3 que Vel\u00e1zquez es nacido en Corrientes, Argentina el 23 de Octubre de 1990.<\/p>\n<p class=\"p1\">Debut\u00f3 con el Independiente de su pa\u00eds y tuvo experiencia en Europa en el f\u00fatbol de Rumania y Croacia.<span class=\"Apple-converted-space\">\u00a0<\/span><\/p>\n<p class=\"p1\">Lleg\u00f3 a nuestro balompi\u00e9 en el 2016 para el Cruz Azul y dos a\u00f1os despu\u00e9s se dio su llegada a Tijuana siendo dirigido por los estrategas Diego Cocca y \u00d3scar Pareja.<span class=\"Apple-converted-space\">\u00a0<\/span><\/p>\n<p class=\"p1\">Despu\u00e9s fue cedido todo el 2020 al Club Quer\u00e9taro, equipo del que proviene y tuvo participaci\u00f3n como titular.<\/p>\n<\/div>\n","protected":false},"excerpt":{"rendered":"","protected":false},"author":1,"featured_media":2919753,"comment_status":"open","ping_status":"closed","sticky":false,"template":"","format":"standard","meta":{"footnotes":""},"categories":[32,17],"tags":[595],"class_list":["post-2919752","post","type-post","status-publish","format-standard","has-post-thumbnail","hentry","category-soccer","category-xolos-de-tijuana","tag-destacado"],"_links":{"self":[{"href":"https:\/\/agpnoticias.com\/news\/index.php?rest_route=\/wp\/v2\/posts\/2919752","targetHints":{"allow":["GET"]}}],"collection":[{"href":"https:\/\/agpnoticias.com\/news\/index.php?rest_route=\/wp\/v2\/posts"}],"about":[{"href":"https:\/\/agpnoticias.com\/news\/index.php?rest_route=\/wp\/v2\/types\/post"}],"author":[{"embeddable":true,"href":"https:\/\/agpnoticias.com\/news\/index.php?rest_route=\/wp\/v2\/users\/1"}],"replies":[{"embeddable":true,"href":"https:\/\/agpnoticias.com\/news\/index.php?rest_route=%2Fwp%2Fv2%2Fcomments&post=2919752"}],"version-history":[{"count":3,"href":"https:\/\/agpnoticias.com\/news\/index.php?rest_route=\/wp\/v2\/posts\/2919752\/revisions"}],"predecessor-version":[{"id":2919756,"href":"https:\/\/agpnoticias.com\/news\/index.php?rest_route=\/wp\/v2\/posts\/2919752\/revisions\/2919756"}],"wp:featuredmedia":[{"embeddable":true,"href":"https:\/\/agpnoticias.com\/news\/index.php?rest_route=\/wp\/v2\/media\/2919753"}],"wp:attachment":[{"href":"https:\/\/agpnoticias.com\/news\/index.php?rest_route=%2Fwp%2Fv2%2Fmedia&parent=2919752"}],"wp:term":[{"taxonomy":"category","embeddable":true,"href":"https:\/\/agpnoticias.com\/news\/index.php?rest_route=%2Fwp%2Fv2%2Fcategories&post=2919752"},{"taxonomy":"post_tag","embeddable":true,"href":"https:\/\/agpnoticias.com\/news\/index.php?rest_route=%2Fwp%2Fv2%2Ftags&post=2919752"}],"curies":[{"name":"wp","href":"https:\/\/api.w.org\/{rel}","templated":true}]}}