{"id":2919757,"date":"2021-01-04T16:20:17","date_gmt":"2021-01-05T00:20:17","guid":{"rendered":"https:\/\/agpnoticias.com\/news\/?p=2919757"},"modified":"2021-01-04T16:20:20","modified_gmt":"2021-01-05T00:20:20","slug":"barcelona-presenta-casos-de-covid-19-pospone-entrenamientos","status":"publish","type":"post","link":"https:\/\/agpnoticias.com\/news\/?p=2919757","title":{"rendered":"Barcelona presenta casos de Covid-19; pospone entrenamientos"},"content":{"rendered":"\n<p>Dos miembros del cuerpo t\u00e9cnico del <strong>primer equipo del Barcelona<\/strong> han dado positivo por coronavirus en las pruebas a las que se sometieron este lunes, seg\u00fan inform\u00f3 a trav\u00e9s de su p\u00e1gina web el conjunto azulgrana.<\/p>\n<p><blockquote class=\"twitter-tweet\" data-width=\"550\" data-dnt=\"true\"><p lang=\"es\" dir=\"ltr\">?? Dos miembros del staff del primer equipo, positivo por Covid-19<\/p>&mdash; FC Barcelona (@FCBarcelona_es) <a href=\"https:\/\/twitter.com\/FCBarcelona_es\/status\/1346222226572500992?ref_src=twsrc%5Etfw\">January 4, 2021<\/a><\/blockquote><script async src=\"https:\/\/platform.twitter.com\/widgets.js\" charset=\"utf-8\"><\/script><\/p>\n<p>\u201cTras las pruebas PCR realizadas hoy lunes dos miembros del staff del primer equipo de f\u00fatbol han dado positivo por Covid-19\u201d, anunci\u00f3 el conjunto catal\u00e1n. Positivos de los que, como indic\u00f3 el Barcelona en su comunicado, se ha informado a las autoridades deportivas y sanitarias competentes.<\/p>\n<p>\u00a0En este mismo sentido, el club anunci\u00f3 que toda la plantilla \u201cvolver\u00e1 a hacerse pruenas PCR ma\u00f1ana martes por la ma\u00f1ana tal y como marca el protocolo de LaLiga\u201d. Una circunstancia que obligar\u00e1 a posponer la sesi\u00f3n preparatoria prevista inicialmente para ma\u00f1ana martes a las 11.00 horas.<\/p>\n","protected":false},"excerpt":{"rendered":"","protected":false},"author":1,"featured_media":2919758,"comment_status":"open","ping_status":"closed","sticky":false,"template":"","format":"standard","meta":{"footnotes":""},"categories":[32],"tags":[595],"class_list":["post-2919757","post","type-post","status-publish","format-standard","has-post-thumbnail","hentry","category-soccer","tag-destacado"],"_links":{"self":[{"href":"https:\/\/agpnoticias.com\/news\/index.php?rest_route=\/wp\/v2\/posts\/2919757","targetHints":{"allow":["GET"]}}],"collection":[{"href":"https:\/\/agpnoticias.com\/news\/index.php?rest_route=\/wp\/v2\/posts"}],"about":[{"href":"https:\/\/agpnoticias.com\/news\/index.php?rest_route=\/wp\/v2\/types\/post"}],"author":[{"embeddable":true,"href":"https:\/\/agpnoticias.com\/news\/index.php?rest_route=\/wp\/v2\/users\/1"}],"replies":[{"embeddable":true,"href":"https:\/\/agpnoticias.com\/news\/index.php?rest_route=%2Fwp%2Fv2%2Fcomments&post=2919757"}],"version-history":[{"count":1,"href":"https:\/\/agpnoticias.com\/news\/index.php?rest_route=\/wp\/v2\/posts\/2919757\/revisions"}],"predecessor-version":[{"id":2919759,"href":"https:\/\/agpnoticias.com\/news\/index.php?rest_route=\/wp\/v2\/posts\/2919757\/revisions\/2919759"}],"wp:featuredmedia":[{"embeddable":true,"href":"https:\/\/agpnoticias.com\/news\/index.php?rest_route=\/wp\/v2\/media\/2919758"}],"wp:attachment":[{"href":"https:\/\/agpnoticias.com\/news\/index.php?rest_route=%2Fwp%2Fv2%2Fmedia&parent=2919757"}],"wp:term":[{"taxonomy":"category","embeddable":true,"href":"https:\/\/agpnoticias.com\/news\/index.php?rest_route=%2Fwp%2Fv2%2Fcategories&post=2919757"},{"taxonomy":"post_tag","embeddable":true,"href":"https:\/\/agpnoticias.com\/news\/index.php?rest_route=%2Fwp%2Fv2%2Ftags&post=2919757"}],"curies":[{"name":"wp","href":"https:\/\/api.w.org\/{rel}","templated":true}]}}