{"id":2919800,"date":"2021-01-06T09:43:05","date_gmt":"2021-01-06T17:43:05","guid":{"rendered":"https:\/\/agpnoticias.com\/news\/?p=2919800"},"modified":"2021-01-06T09:43:12","modified_gmt":"2021-01-06T17:43:12","slug":"los-grammy-retrasan-su-ceremonia-por-pandemia-esta-es-la-nueva-fecha","status":"publish","type":"post","link":"https:\/\/agpnoticias.com\/news\/?p=2919800","title":{"rendered":"Los Grammy retrasan su ceremonia por pandemia; \u00e9sta es la nueva fecha"},"content":{"rendered":"\n<p>Algunos medios de Estados Unidos mencionaron que la pr\u00f3xima entrega de los <strong>premios Grammy se suspender\u00edan debido a la pandemia<\/strong> y el incremento de contagios de covid-19 en Los \u00c1ngeles, ciudad en donde se realizar\u00e1 el evento.<\/p>\n<p>Es por eso que la Academia de la Grabaci\u00f3n confirm\u00f3 que la entrega de los premios se retrasa y anunci\u00f3 una nueva fecha.<\/p>\n<p>La Academia de la Grabaci\u00f3n de Estados Unidos anunci\u00f3 que la edici\u00f3n del 2021 de los premios Grammy <strong>se celebrar\u00e1 el pr\u00f3ximo 14 de marzo y no el 31 de enero<\/strong> como se ten\u00eda previsto inicialmente.<\/p>\n<p>Se\u00f1al\u00f3 que el aplazamiento se debe a la grave situaci\u00f3n de la pandemia en estos momentos en Los \u00c1ngeles.<\/p>\n<p>\u00a0\u00abDespu\u00e9s de meditadas conversaciones con expertos de salud, con nuestro presentador (Trevor Noah) y con los artistas que estaban programados para aparecer, vamos a reagendar<strong> la 63 edici\u00f3n de los Grammy, que se emitir\u00e1 el 14 de marzo<\/strong>\u00ab, se\u00f1al\u00f3 la instituci\u00f3n en un comunicado conjunto con la cadena CBS.<\/p>\n<p>\u00abLa situaci\u00f3n en deterioro del covid-19 en Los \u00c1ngeles, con servicios de hospitales que est\u00e1n sobrecargados, las UCI habiendo alcanzado su l\u00edmite, y las nuevas orientaciones de los Gobiernos locales y estatales, nos ha llevado a concluir que posponer nuestro show es lo correcto\u00bb, a\u00f1adieron.<\/p>\n<p>Los responsables de los Grammy resaltaron que \u00abno hay nada m\u00e1s importante que la salud y la seguridad\u00bb de todas las personas que trabajan en un evento as\u00ed.<\/p>\n<p>La Academia de la Grabaci\u00f3n confirm\u00f3 as\u00ed las informaciones de medios como Rolling Stone o Variety que, horas antes, hab\u00edan se\u00f1alado que los Grammy se retrasar\u00edan a marzo.<\/p>\n<p>El aplazamiento de los Grammy se dio cuando solo quedaban tres semanas y media para su celebraci\u00f3n. Los \u00c1ngeles (y California en general) se ha convertido en una de las zonas m\u00e1s afectadas por la pandemia en las \u00faltimas semanas dentro de Estados Unidos.<\/p>\n<p>Frente a los galardones del cine, que con los Oscar al frente optaron a mediados del a\u00f1o pasado por aplazarse dos meses en 2021 -para esquivar en la medida de lo posible el impacto del coronavirus-, los Grammy no cambiaron sus planes y mantuvieron hasta ahora el 31 de enero como el d\u00eda de su ceremonia.<\/p>\n<p>La idea de los organizadores era plantear un evento televisivo reducido y sin p\u00fablico, con Trevor Noah como presentador, con conexiones en directo tanto fuera como dentro de Los \u00c1ngeles, y con una presencia muy limitada de artistas sobre el escenario para actuar y para anunciar los ganadores.\u00a0<\/p>\n<p>Las candidaturas para los Grammy se dieron a conocer el pasado noviembre y situaron a Beyonc\u00e9 como favorita con nueve nominaciones seguida de Dua Lipa, Taylor Swift y Roddy Ricch con seis menciones por cabeza.\u00a0<\/p>\n","protected":false},"excerpt":{"rendered":"","protected":false},"author":1,"featured_media":2919801,"comment_status":"open","ping_status":"closed","sticky":false,"template":"","format":"standard","meta":{"footnotes":""},"categories":[1,1064],"tags":[],"class_list":["post-2919800","post","type-post","status-publish","format-standard","has-post-thumbnail","hentry","category-uncategorized","category-espectaculos-2"],"_links":{"self":[{"href":"https:\/\/agpnoticias.com\/news\/index.php?rest_route=\/wp\/v2\/posts\/2919800","targetHints":{"allow":["GET"]}}],"collection":[{"href":"https:\/\/agpnoticias.com\/news\/index.php?rest_route=\/wp\/v2\/posts"}],"about":[{"href":"https:\/\/agpnoticias.com\/news\/index.php?rest_route=\/wp\/v2\/types\/post"}],"author":[{"embeddable":true,"href":"https:\/\/agpnoticias.com\/news\/index.php?rest_route=\/wp\/v2\/users\/1"}],"replies":[{"embeddable":true,"href":"https:\/\/agpnoticias.com\/news\/index.php?rest_route=%2Fwp%2Fv2%2Fcomments&post=2919800"}],"version-history":[{"count":1,"href":"https:\/\/agpnoticias.com\/news\/index.php?rest_route=\/wp\/v2\/posts\/2919800\/revisions"}],"predecessor-version":[{"id":2919802,"href":"https:\/\/agpnoticias.com\/news\/index.php?rest_route=\/wp\/v2\/posts\/2919800\/revisions\/2919802"}],"wp:featuredmedia":[{"embeddable":true,"href":"https:\/\/agpnoticias.com\/news\/index.php?rest_route=\/wp\/v2\/media\/2919801"}],"wp:attachment":[{"href":"https:\/\/agpnoticias.com\/news\/index.php?rest_route=%2Fwp%2Fv2%2Fmedia&parent=2919800"}],"wp:term":[{"taxonomy":"category","embeddable":true,"href":"https:\/\/agpnoticias.com\/news\/index.php?rest_route=%2Fwp%2Fv2%2Fcategories&post=2919800"},{"taxonomy":"post_tag","embeddable":true,"href":"https:\/\/agpnoticias.com\/news\/index.php?rest_route=%2Fwp%2Fv2%2Ftags&post=2919800"}],"curies":[{"name":"wp","href":"https:\/\/api.w.org\/{rel}","templated":true}]}}