{"id":2919954,"date":"2021-01-13T09:47:19","date_gmt":"2021-01-13T17:47:19","guid":{"rendered":"https:\/\/agpnoticias.com\/news\/?p=2919954"},"modified":"2021-01-13T09:47:25","modified_gmt":"2021-01-13T17:47:25","slug":"atletas-mexicanos-ganaron-medallas-pero-el-gobierno-no-les-entrega-premio-prometido-por-amlo","status":"publish","type":"post","link":"https:\/\/agpnoticias.com\/news\/?p=2919954","title":{"rendered":"Atletas mexicanos ganaron medallas pero el gobierno no les entrega premio prometido por AMLO"},"content":{"rendered":"\n<p>Al\u00a0<strong>gobierno federal<\/strong>\u00a0le falt\u00f3 entregar<strong>\u00a02 millones 160 mil pesos\u00a0<\/strong>a cuatro\u00a0<strong>medallistas<\/strong>\u00a0de los\u00a0<strong>Juegos Panamericanos Lima 2019<\/strong>.<\/p>\n<p><span style=\"font-family: 'PT Serif', sans-serif; font-size: inherit; font-weight: 400;\">Se trata del <\/span><strong style=\"font-family: 'PT Serif', sans-serif; font-size: inherit;\">equipo de remo<\/strong><span style=\"font-family: 'PT Serif', sans-serif; font-size: inherit; font-weight: 400;\">, integrado por\u00a0<\/span><strong style=\"font-family: 'PT Serif', sans-serif; font-size: inherit;\">Hugo Carpio<\/strong><span style=\"font-family: 'PT Serif', sans-serif; font-size: inherit; font-weight: 400;\">,\u00a0<\/span><strong style=\"font-family: 'PT Serif', sans-serif; font-size: inherit;\">Jordy Guti\u00e9rrez<\/strong><span style=\"font-family: 'PT Serif', sans-serif; font-size: inherit; font-weight: 400;\">,\u00a0<\/span><strong style=\"font-family: 'PT Serif', sans-serif; font-size: inherit;\">Diego S\u00e1nchez<\/strong><span style=\"font-family: 'PT Serif', sans-serif; font-size: inherit; font-weight: 400;\">\u00a0y\u00a0<\/span><strong style=\"font-family: 'PT Serif', sans-serif; font-size: inherit;\">Miguel Carballo<\/strong><span style=\"font-family: 'PT Serif', sans-serif; font-size: inherit; font-weight: 400;\">, el cual pas\u00f3 a ocupar el<\/span><strong style=\"font-family: 'PT Serif', sans-serif; font-size: inherit;\">\u00a0tercer lugar<\/strong><span style=\"font-family: 'PT Serif', sans-serif; font-size: inherit; font-weight: 400;\">\u00a0en el medallero luego de que el equipo uruguayo fuera descalificado al resultar uno de sus integrantes positivo en una prueba de dopaje.\u00a0<\/span><\/p>\n<p>El 26 de diciembre de 2019, Panam Sports notific\u00f3 el cierre oficial del\u00a0<strong>medallero<\/strong>\u00a0e incluy\u00f3 al equipo de remo dentro de las 140 preseas conseguidas por la delegaci\u00f3n mexicana.\u00a0<\/p>\n<p>Sin embargo, de acuerdo con un oficio de los\u00a0<strong>atletas<\/strong>\u00a0presentado ante la\u00a0<strong>Comisi\u00f3n Nacional de Cultura F\u00edsica y Deporte<\/strong>\u00a0(<strong>Conade<\/strong>), los\u00a0<strong>medallistas<\/strong>\u00a0no han recibido el\u00a0<strong>premio<\/strong>\u00a0prometido por el\u00a0<strong>presidente Andr\u00e9s Manuel L\u00f3pez Obrador<\/strong>\u00a0el 5 de agosto de 2019 ni sus\u00a0<strong>medallas<\/strong>.<\/p>\n<p>D\u00edas m\u00e1s tarde, cuando la delegaci\u00f3n mexicana regres\u00f3 de los<strong>\u00a0Juegos Panamericanos<\/strong>, en un evento en Palacio Nacional, el mandatario federal entreg\u00f3 275 mil pesos a los 544 atletas mexicanos que participaron en el certamen.<\/p>\n<p>Para los atletas mexicanos que ganaron las 37\u00a0<strong>medallas de oro\u00a0<\/strong>se destinaron adem\u00e1s 720 mil pesos m\u00e1s.<\/p>\n<p>A los\u00a0<strong>medallistas de plata<\/strong>, se le entreg\u00f3 a cada uno 660 mil pesos y a los\u00a0<strong>medallistas de bronce<\/strong>, se le entreg\u00f3 540 mil pesos a cada uno adicionales a los 275 mil pesos que se le entreg\u00f3 a todos los participantes.\u00a0<\/p>\n<p>De acuerdo con el propio\u00a0<strong>L\u00f3pez Obrador<\/strong>, los recursos entregados a los\u00a0<strong>atletas de los Juegos Panamericanos<\/strong>\u00a0salieron de la subasta de la casa de Zhenli Ye Gon, que el 11 de agosto se vendi\u00f3 por 102 millones de pesos al empresario Carlos Bremer.<\/p>\n<p><span style=\"font-family: 'PT Serif', sans-serif; font-size: inherit; font-weight: 400;\">El dinero fue entregado de manera directa a los <\/span><strong style=\"font-family: 'PT Serif', sans-serif; font-size: inherit;\">atletas<\/strong><span style=\"font-family: 'PT Serif', sans-serif; font-size: inherit; font-weight: 400;\">\u00a0porque, afirm\u00f3 el presidente, muchas veces cuando el dinero pasa por muchas instancias de gobierno o por organizaciones no llega o no llega completo.\u00a0<\/span><\/p>\n<p>\u201cLlega con moche, con piquete de ojo\u201d, expres\u00f3.<\/p>\n<p>A los\u00a0<strong>atletas<\/strong>\u00a0del\u00a0<strong>equipo de remo<\/strong>\u00a0tampoco les han entregado las\u00a0<strong>medallas<\/strong>\u00a0ni los est\u00edmulos marcados en la\u00a0<strong>Ley General de Cultura F\u00edsica y Deporte<\/strong>, la cual se\u00f1ala que se debe de otorgar reconocimiento econ\u00f3mico a los atletas mexicanos que obtengan medallas.\u00a0<\/p>\n<p>\u201cSentimos que es nuestro derecho el adquirir los beneficios emanados de nuestros resultados por representar dignamente a nuestro pa\u00eds, estando consientes que esta situaci\u00f3n es at\u00edpica, le solicitamos amablemente y a la medida de sus posibilidades el tramite de los beneficios que puedan ser desprendidos por este resultado\u201d, indicaron los cuatro atletas en el oficio entregado a la\u00a0<strong>Conade<\/strong>\u00a0el 17 de noviembre de 2020.<\/p>\n<p>\u201cNosotros pusimos todo nuestro empe\u00f1o desde nuestra preparaci\u00f3n, cuidando cada detalle con nuestro entrenador, estando concentrados m\u00e1s de 5 meses para ese momento; dejamos nuestro mejor desempe\u00f1o en la final representando orgullosamente a nuestro pa\u00eds\u201d, a\u00f1adieron.\u00a0<\/p>\n<p>El documento entregado al\u00a0<strong>subdirector de Calidad para el Deporte, \u00d3scar Arturo Juanz Rousell<\/strong>, no ha obtenido respuesta hasta la fecha<a href=\"https:\/\/twitter.com\/CONADE\">.<\/a>\u00a0<\/p>\n<p>En el oficio, los atletas adjuntaron una carta firmada el 1 de octubre de 2020 del secretario general de Panam Sports, Ivar Sisniega, en donde el funcionario expuso que las medallas se encuentran ya en la oficina de la organizaci\u00f3n esperando a ser recogidas por el\u00a0<strong>Comit\u00e9 Ol\u00edmpico Mexicano<\/strong>.\u00a0<\/p>\n<p>Con informaci\u00f3n de <a href=\"https:\/\/latinus.us\/2021\/01\/13\/atletas-mexicanos-ganaron-medallas-gobierno-no-entrega-premio-amlo\/\">Latinus<\/a><\/p>\n","protected":false},"excerpt":{"rendered":"","protected":false},"author":1,"featured_media":2919955,"comment_status":"open","ping_status":"closed","sticky":false,"template":"","format":"standard","meta":{"footnotes":""},"categories":[1060],"tags":[595],"class_list":["post-2919954","post","type-post","status-publish","format-standard","has-post-thumbnail","hentry","category-juegos-olimpicos","tag-destacado"],"_links":{"self":[{"href":"https:\/\/agpnoticias.com\/news\/index.php?rest_route=\/wp\/v2\/posts\/2919954","targetHints":{"allow":["GET"]}}],"collection":[{"href":"https:\/\/agpnoticias.com\/news\/index.php?rest_route=\/wp\/v2\/posts"}],"about":[{"href":"https:\/\/agpnoticias.com\/news\/index.php?rest_route=\/wp\/v2\/types\/post"}],"author":[{"embeddable":true,"href":"https:\/\/agpnoticias.com\/news\/index.php?rest_route=\/wp\/v2\/users\/1"}],"replies":[{"embeddable":true,"href":"https:\/\/agpnoticias.com\/news\/index.php?rest_route=%2Fwp%2Fv2%2Fcomments&post=2919954"}],"version-history":[{"count":1,"href":"https:\/\/agpnoticias.com\/news\/index.php?rest_route=\/wp\/v2\/posts\/2919954\/revisions"}],"predecessor-version":[{"id":2919956,"href":"https:\/\/agpnoticias.com\/news\/index.php?rest_route=\/wp\/v2\/posts\/2919954\/revisions\/2919956"}],"wp:featuredmedia":[{"embeddable":true,"href":"https:\/\/agpnoticias.com\/news\/index.php?rest_route=\/wp\/v2\/media\/2919955"}],"wp:attachment":[{"href":"https:\/\/agpnoticias.com\/news\/index.php?rest_route=%2Fwp%2Fv2%2Fmedia&parent=2919954"}],"wp:term":[{"taxonomy":"category","embeddable":true,"href":"https:\/\/agpnoticias.com\/news\/index.php?rest_route=%2Fwp%2Fv2%2Fcategories&post=2919954"},{"taxonomy":"post_tag","embeddable":true,"href":"https:\/\/agpnoticias.com\/news\/index.php?rest_route=%2Fwp%2Fv2%2Ftags&post=2919954"}],"curies":[{"name":"wp","href":"https:\/\/api.w.org\/{rel}","templated":true}]}}