{"id":2919961,"date":"2021-01-13T20:21:21","date_gmt":"2021-01-14T04:21:21","guid":{"rendered":"https:\/\/agpnoticias.com\/news\/?p=2919961"},"modified":"2021-01-13T20:21:25","modified_gmt":"2021-01-14T04:21:25","slug":"santos-registra-a-jugador-que-provoco-la-muerte-de-dos-personas","status":"publish","type":"post","link":"https:\/\/agpnoticias.com\/news\/?p=2919961","title":{"rendered":"Santos registra a jugador que provoc\u00f3 la muerte de dos personas"},"content":{"rendered":"\n<p><strong>Joao Maleck<\/strong>\u00a0recibir\u00e1 una segunda oportunidad en el futbol mexicano, al parecer, porque el\u00a0<strong>Santos<\/strong>\u00a0lo registr\u00f3 en su equipo Sub-20 para el\u00a0<strong>Guardianes 2021<\/strong>.\u00a0 El delantero, quien fue encontrado culpable por homicidio culposo y sali\u00f3 bajo fianza, fue la \u00faltima actualizaci\u00f3n en el plantel lagunero juvenil.<\/p>\n<p><span style=\"font-size: inherit;\">Cuando el atacante sali\u00f3 de la c\u00e1rcel, se especul\u00f3 su llegada al <\/span><strong style=\"font-size: inherit;\">Tepatitl\u00e1n<\/strong><span style=\"font-size: inherit;\">, conjunto de la Liga de Expansi\u00f3n, pero su contrataci\u00f3n nunca se cerr\u00f3 por un supuesto desacuerdo entre la directiva jalisciense y Grupo Orlegi, propietario del\u00a0<\/span><strong style=\"font-size: inherit;\">Santos<\/strong><span style=\"font-size: inherit;\">.\u00a0Ahora,\u00a0<\/span><strong style=\"font-size: inherit;\">Maleck<\/strong><span style=\"font-size: inherit;\">\u00a0regresar\u00e1 a\u00a0<\/span><strong style=\"font-size: inherit;\">Torre\u00f3n<\/strong><span style=\"font-size: inherit;\">, donde buscar\u00e1 un lugar en el equipo sub-20, dirigido por Roberto Tapia.<\/span><\/p>\n<p><img decoding=\"async\" src=\"https:\/\/www.eluniversal.com.mx\/sites\/default\/files\/u23294\/whatsapp_image_2021-01-13_at_2.10.05_pm.jpeg\" alt=\"whatsapp_image_2021-01-13_at_2.10.05_pm.jpeg\" \/><\/p>\n<p>El que tambi\u00e9n fuera seleccionado nacional en categor\u00edas inferiores fue encontrado culpable por homicidio culposo, en consecuencia de un accidente automovil\u00edstico del futbolista que provoc\u00f3 la muerte de los reci\u00e9n casados, Mar\u00eda Fernanda Pe\u00f1a \u00c1lvarez-Ugena \u00a0y Alejandro Castro, en junio del 2019. El abogado Javier Alberto Garc\u00eda inform\u00f3, en diciembre de 2020, el pago de 3 millones de pesos de la fianza.<\/p>\n","protected":false},"excerpt":{"rendered":"<p>Joao Maleck\u00a0recibir\u00e1 una segunda oportunidad en el futbol mexicano, al parecer, porque el\u00a0Santos\u00a0lo registr\u00f3 en su equipo Sub-20 para el\u00a0Guardianes 2021<\/p>\n","protected":false},"author":1,"featured_media":2919962,"comment_status":"open","ping_status":"closed","sticky":false,"template":"","format":"standard","meta":{"footnotes":""},"categories":[32],"tags":[595],"class_list":["post-2919961","post","type-post","status-publish","format-standard","has-post-thumbnail","hentry","category-soccer","tag-destacado"],"_links":{"self":[{"href":"https:\/\/agpnoticias.com\/news\/index.php?rest_route=\/wp\/v2\/posts\/2919961","targetHints":{"allow":["GET"]}}],"collection":[{"href":"https:\/\/agpnoticias.com\/news\/index.php?rest_route=\/wp\/v2\/posts"}],"about":[{"href":"https:\/\/agpnoticias.com\/news\/index.php?rest_route=\/wp\/v2\/types\/post"}],"author":[{"embeddable":true,"href":"https:\/\/agpnoticias.com\/news\/index.php?rest_route=\/wp\/v2\/users\/1"}],"replies":[{"embeddable":true,"href":"https:\/\/agpnoticias.com\/news\/index.php?rest_route=%2Fwp%2Fv2%2Fcomments&post=2919961"}],"version-history":[{"count":1,"href":"https:\/\/agpnoticias.com\/news\/index.php?rest_route=\/wp\/v2\/posts\/2919961\/revisions"}],"predecessor-version":[{"id":2919963,"href":"https:\/\/agpnoticias.com\/news\/index.php?rest_route=\/wp\/v2\/posts\/2919961\/revisions\/2919963"}],"wp:featuredmedia":[{"embeddable":true,"href":"https:\/\/agpnoticias.com\/news\/index.php?rest_route=\/wp\/v2\/media\/2919962"}],"wp:attachment":[{"href":"https:\/\/agpnoticias.com\/news\/index.php?rest_route=%2Fwp%2Fv2%2Fmedia&parent=2919961"}],"wp:term":[{"taxonomy":"category","embeddable":true,"href":"https:\/\/agpnoticias.com\/news\/index.php?rest_route=%2Fwp%2Fv2%2Fcategories&post=2919961"},{"taxonomy":"post_tag","embeddable":true,"href":"https:\/\/agpnoticias.com\/news\/index.php?rest_route=%2Fwp%2Fv2%2Ftags&post=2919961"}],"curies":[{"name":"wp","href":"https:\/\/api.w.org\/{rel}","templated":true}]}}