{"id":2919967,"date":"2021-01-14T09:32:48","date_gmt":"2021-01-14T17:32:48","guid":{"rendered":"https:\/\/agpnoticias.com\/news\/?p=2919967"},"modified":"2021-01-14T09:32:51","modified_gmt":"2021-01-14T17:32:51","slug":"amlo-llevara-al-g20-caso-de-bloqueo-de-twitter-y-facebook-a-trump","status":"publish","type":"post","link":"https:\/\/agpnoticias.com\/news\/?p=2919967","title":{"rendered":"AMLO llevar\u00e1 al G20 caso de bloqueo de Twitter y Facebook a Trump"},"content":{"rendered":"\n<p>El presidente Andr\u00e9s Manuel L\u00f3pez Obrador adelant\u00f3 que llevar\u00e1 al G20 un pronunciamiento ante la preocupaci\u00f3n por el bloqueo de las cuentas de redes sociales del presidente saliente de Estados Unidos, Donald Trump, tras el asalto al Capitolio la semana pasada.<\/p>\n<p>\u201cNo puede haber un organismo particular que decida quitar el derecho que se tiene a la libre manifestaci\u00f3n de las ideas, en ninguna naci\u00f3n en ning\u00fan estado nacional, que se convierta en un \u00f3rgano de censura.\u00a0<strong>Yo les adelanto que la primera reuni\u00f3n que tengamos del G20 voy a hacer un planteamiento sobre este asunto<\/strong>\u201c, adelant\u00f3 el presidente.<\/p>\n<div class=\"pinno-ad-serving pinno-ad-center\" data-post-id=\"1757121\">\n<div id=\"div-gpt-ad-f-default-in-box-1757121\" data-google-query-id=\"CJ_ctuD4m-4CFYiEpwod8HUM9Q\">\n<blockquote>\n<p id=\"google_ads_iframe_\/270959339\/f-default-in-b_0__container__\">No te pierdas: <a href=\"https:\/\/agpnoticias.com\/news\/twitter-suspende-la-cuenta-de-donald-trump-permanentemente\/\"><span style=\"color: inherit; font-family: Roboto, sans-serif; font-size: 2rem; font-weight: bold; letter-spacing: -0.02em;\">Twitter suspende la cuenta de Donald Trump permanentemente<\/span><\/a><\/p>\n<\/blockquote>\n<p><span style=\"font-family: 'PT Serif', sans-serif; font-size: inherit; font-weight: 400;\">Si bien acept\u00f3 que las redes sociales no deben usarse para incitar a la violencia, L\u00f3pez Obrador tambi\u00e9n critic\u00f3 que se diera este bloqueo a la cuenta del presidente estadounidense, en particular insisti\u00f3 en la palabra fraude.<\/span><\/p>\n<\/div>\n<\/div>\n<p>\u201c\u2018No me gusta que est\u00e9s oponi\u00e9ndote o no me gusta que se est\u00e9 mencionando la palabra \u2018fraude\u2019, y entonces todos los que usan la palabra \u2018fraude\u2019, censurados, \u00bfqu\u00e9 es eso?\u201d, ironiz\u00f3 al respecto de la acusaci\u00f3n de Trump sobre su derrota electoral contra el dem\u00f3crata Joe Biden.<\/p>\n<p>En tanto, el canciller Marcelo Ebrard destac\u00f3 que la postura de M\u00e9xico es similar a la de otros pa\u00edses como Alemania a trav\u00e9s de la canciller \u00c1ngela Merkel, as\u00ed como el gobierno de Francia e incluso la Uni\u00f3n Europea.<\/p>\n<p>\u201cLa decisi\u00f3n de suspender una cuenta y despu\u00e9s miles de cuentas lleva a un estado cualitativamente diferente. No es de admitirse que una persona o un grupo de personas determinen por encima de los estados nacionales qui\u00e9n tiene derecho de expresarse o qui\u00e9n no, porque eso ser\u00eda como admitir que haya un gobierno supranacional que determine cu\u00e1les son las libertades de los ciudadanos. Por lo tanto no estamos de acuerdo\u201d, dijo.<\/p>\n<p>Ebrard afirm\u00f3 que establecer\u00e1 contacto con todas las partes inconformes con esta decisi\u00f3n de las plataformas digitales a fin de presentar una propuesta en conjunto ante el G-20.<\/p>\n<p>\u201cHay un desacuerdo mundial sobre el tema. El presidente ha dicho \u2018veamos qu\u00e9 se propone\u2019. En esencia, concluyo que no se admite que una empresa o un grupo de empresas puedan determinar qui\u00e9n tiene derecho y qui\u00e9n no\u201d, indic\u00f3 el canciller.<\/p>\n<p>La semana pasada, tras el asalto de seguidores de Trump al Capitolio estadounidense para evitar la sesi\u00f3n que certificar\u00eda el triunfo de Joe Biden, tanto Twitter como Facebook bloquearon cuentas y mensajes del presidente saliente de EU.<\/p>\n<p>La tarde del mi\u00e9rcoles, en un hilo de Twitter, el presidente ejecutivo de la compa\u00f1\u00eda, Jack Dorsey, reconoci\u00f3 que si bien la decisi\u00f3n de bloquear a Trump se tom\u00f3 para prevenir mayores actos de violencia a ra\u00edz del discurso en l\u00ednea, la prohibici\u00f3n es considerada\u00a0un fracaso\u00a0ante su objetivo de promover una comunicaci\u00f3n saludable.<\/p>\n","protected":false},"excerpt":{"rendered":"","protected":false},"author":1,"featured_media":2919968,"comment_status":"open","ping_status":"closed","sticky":false,"template":"","format":"standard","meta":{"footnotes":""},"categories":[1],"tags":[],"class_list":["post-2919967","post","type-post","status-publish","format-standard","has-post-thumbnail","hentry","category-uncategorized"],"_links":{"self":[{"href":"https:\/\/agpnoticias.com\/news\/index.php?rest_route=\/wp\/v2\/posts\/2919967","targetHints":{"allow":["GET"]}}],"collection":[{"href":"https:\/\/agpnoticias.com\/news\/index.php?rest_route=\/wp\/v2\/posts"}],"about":[{"href":"https:\/\/agpnoticias.com\/news\/index.php?rest_route=\/wp\/v2\/types\/post"}],"author":[{"embeddable":true,"href":"https:\/\/agpnoticias.com\/news\/index.php?rest_route=\/wp\/v2\/users\/1"}],"replies":[{"embeddable":true,"href":"https:\/\/agpnoticias.com\/news\/index.php?rest_route=%2Fwp%2Fv2%2Fcomments&post=2919967"}],"version-history":[{"count":1,"href":"https:\/\/agpnoticias.com\/news\/index.php?rest_route=\/wp\/v2\/posts\/2919967\/revisions"}],"predecessor-version":[{"id":2919969,"href":"https:\/\/agpnoticias.com\/news\/index.php?rest_route=\/wp\/v2\/posts\/2919967\/revisions\/2919969"}],"wp:featuredmedia":[{"embeddable":true,"href":"https:\/\/agpnoticias.com\/news\/index.php?rest_route=\/wp\/v2\/media\/2919968"}],"wp:attachment":[{"href":"https:\/\/agpnoticias.com\/news\/index.php?rest_route=%2Fwp%2Fv2%2Fmedia&parent=2919967"}],"wp:term":[{"taxonomy":"category","embeddable":true,"href":"https:\/\/agpnoticias.com\/news\/index.php?rest_route=%2Fwp%2Fv2%2Fcategories&post=2919967"},{"taxonomy":"post_tag","embeddable":true,"href":"https:\/\/agpnoticias.com\/news\/index.php?rest_route=%2Fwp%2Fv2%2Ftags&post=2919967"}],"curies":[{"name":"wp","href":"https:\/\/api.w.org\/{rel}","templated":true}]}}