{"id":2919970,"date":"2021-01-14T11:34:00","date_gmt":"2021-01-14T19:34:00","guid":{"rendered":"https:\/\/agpnoticias.com\/news\/?p=2919970"},"modified":"2021-01-14T09:45:33","modified_gmt":"2021-01-14T17:45:33","slug":"cuando-son-las-vacaciones-de-semana-santa","status":"publish","type":"post","link":"https:\/\/agpnoticias.com\/news\/?p=2919970","title":{"rendered":"\u00bfCu\u00e1ndo son las vacaciones de Semana Santa?"},"content":{"rendered":"\n<p>Recientemente los alumnos de preescolar, primaria y secundaria regresaron a clases luego de las vacaciones de invierno en M\u00e9xico.<\/p>\n<p>El segundo per\u00edodo vacacional del ciclo escolar 2020-2021 tendr\u00e1 lugar\u00a0<strong>del 29 de marzo al 12 de abril<\/strong>.<\/p>\n<blockquote>\n<p>Primer puente de descanso en el 2021<\/p>\n<\/blockquote>\n<p>Ser\u00e1 en febrero cuando los estudiantes en M\u00e9xico podr\u00e1n disfrutar del\u00a0<strong>primer puente del 2021<\/strong>.<\/p>\n<p>De acuerdo al calendario de la\u00a0Secretar\u00eda de Educaci\u00f3n P\u00fablica (SEP)\u00a0el primer puente del 2021 tendr\u00e1 lugar el pr\u00f3ximo\u00a0<strong>lunes 1 de febrero<\/strong>, para conmemorar el D\u00eda de la Constituci\u00f3n.<\/p>\n<p>Aunque la fecha original de esta celebraci\u00f3n es el 5 de febrero, el d\u00eda de asueto se pas\u00f3 al 1 de febrero para formar un fin de semana largo.<\/p>\n<p>\u00a0<\/p>\n","protected":false},"excerpt":{"rendered":"","protected":false},"author":1,"featured_media":2919974,"comment_status":"open","ping_status":"closed","sticky":false,"template":"","format":"standard","meta":{"footnotes":""},"categories":[1],"tags":[],"class_list":["post-2919970","post","type-post","status-publish","format-standard","has-post-thumbnail","hentry","category-uncategorized"],"_links":{"self":[{"href":"https:\/\/agpnoticias.com\/news\/index.php?rest_route=\/wp\/v2\/posts\/2919970","targetHints":{"allow":["GET"]}}],"collection":[{"href":"https:\/\/agpnoticias.com\/news\/index.php?rest_route=\/wp\/v2\/posts"}],"about":[{"href":"https:\/\/agpnoticias.com\/news\/index.php?rest_route=\/wp\/v2\/types\/post"}],"author":[{"embeddable":true,"href":"https:\/\/agpnoticias.com\/news\/index.php?rest_route=\/wp\/v2\/users\/1"}],"replies":[{"embeddable":true,"href":"https:\/\/agpnoticias.com\/news\/index.php?rest_route=%2Fwp%2Fv2%2Fcomments&post=2919970"}],"version-history":[{"count":1,"href":"https:\/\/agpnoticias.com\/news\/index.php?rest_route=\/wp\/v2\/posts\/2919970\/revisions"}],"predecessor-version":[{"id":2919976,"href":"https:\/\/agpnoticias.com\/news\/index.php?rest_route=\/wp\/v2\/posts\/2919970\/revisions\/2919976"}],"wp:featuredmedia":[{"embeddable":true,"href":"https:\/\/agpnoticias.com\/news\/index.php?rest_route=\/wp\/v2\/media\/2919974"}],"wp:attachment":[{"href":"https:\/\/agpnoticias.com\/news\/index.php?rest_route=%2Fwp%2Fv2%2Fmedia&parent=2919970"}],"wp:term":[{"taxonomy":"category","embeddable":true,"href":"https:\/\/agpnoticias.com\/news\/index.php?rest_route=%2Fwp%2Fv2%2Fcategories&post=2919970"},{"taxonomy":"post_tag","embeddable":true,"href":"https:\/\/agpnoticias.com\/news\/index.php?rest_route=%2Fwp%2Fv2%2Ftags&post=2919970"}],"curies":[{"name":"wp","href":"https:\/\/api.w.org\/{rel}","templated":true}]}}