{"id":2919983,"date":"2021-01-14T11:54:59","date_gmt":"2021-01-14T19:54:59","guid":{"rendered":"https:\/\/agpnoticias.com\/news\/?p=2919983"},"modified":"2021-01-14T11:55:02","modified_gmt":"2021-01-14T19:55:02","slug":"el-preolimpico-de-la-concacaf-se-disputara-en-guadalajara-en-marzo","status":"publish","type":"post","link":"https:\/\/agpnoticias.com\/news\/?p=2919983","title":{"rendered":"El Preol\u00edmpico de la Concacaf se disputar\u00e1 en Guadalajara en marzo"},"content":{"rendered":"\n<p>Ya es oficial que el\u00a0<b>Preol\u00edmpico de la Concacaf\u00a0<\/b>rumbo a\u00a0<b>Tokyo 2020<\/b>\u00a0se disputar\u00e1 en\u00a0<b>Guadalajara<\/b>\u00a0en marzo pr\u00f3ximo, as\u00ed lo dio a conocer la\u00a0<b>Federaci\u00f3n Mexicana de Futbol<\/b>\u00a0en un comunicado.<\/p>\n<div class=\"\">\n<p>El Preol\u00edmpico se disputar\u00e1 con ocho selecciones masculinas Sub-23 del 18 al 30 de marzo en la Perla Tapat\u00eda luego de que hab\u00eda rumores de que podr\u00eda haberse trasladado a Orlando debido a la pandemia del COVID-19.<\/p>\n<\/div>\n<div class=\"\">\n<p>En el comunicado se a\u00f1adi\u00f3 que la Concacaf trabaj\u00f3 en conjunto con la FIFA y FMF para establecer las medidas sanitarias que tendr\u00e1 el torneo que ofrecer\u00e1 dos boletos para los Juegos Ol\u00edmpicos de Tokyo 2020 a disputarse el pr\u00f3ximo verano.<\/p>\n<\/div>\n<div class=\"\">\n<p>\u201cQuiero agradecer a la Federaci\u00f3n Mexicana de Futbol y al Gobernador de Jalisco por su compromiso continuo con esta Clasificatoria Ol\u00edmpica Masculina\u201d, coment\u00f3 el Secretario General de la Concacaf,\u00a0<b>Philippe Moggio<\/b>.<\/p>\n<\/div>\n<div class=\"\">\n<p>\u201cEsta competencia es una parte importante del desarrollo de jugadores de \u00e9lite para nuestras Asociaciones Miembro y brinda a los aficionados la oportunidad de ver a los mejores jugadores j\u00f3venes de toda la regi\u00f3n compitiendo por el honor de representar a su pa\u00eds en los Juegos Ol\u00edmpicos de Verano\u201d, agreg\u00f3 Moggio.<\/p>\n<p>\u00a0<\/p>\n<\/div>\n","protected":false},"excerpt":{"rendered":"<p>El Preol\u00edmpico se disputar\u00e1 con ocho selecciones masculinas Sub-23 del 18 al 30 de marzo en la Perla Tapat\u00eda luego de que hab\u00eda rumores de que podr\u00eda haberse trasladado a Orlando debido a la pandemia del COVID-19.<\/p>\n","protected":false},"author":1,"featured_media":2919984,"comment_status":"open","ping_status":"closed","sticky":false,"template":"","format":"standard","meta":{"footnotes":""},"categories":[1,32],"tags":[595],"class_list":["post-2919983","post","type-post","status-publish","format-standard","has-post-thumbnail","hentry","category-uncategorized","category-soccer","tag-destacado"],"_links":{"self":[{"href":"https:\/\/agpnoticias.com\/news\/index.php?rest_route=\/wp\/v2\/posts\/2919983","targetHints":{"allow":["GET"]}}],"collection":[{"href":"https:\/\/agpnoticias.com\/news\/index.php?rest_route=\/wp\/v2\/posts"}],"about":[{"href":"https:\/\/agpnoticias.com\/news\/index.php?rest_route=\/wp\/v2\/types\/post"}],"author":[{"embeddable":true,"href":"https:\/\/agpnoticias.com\/news\/index.php?rest_route=\/wp\/v2\/users\/1"}],"replies":[{"embeddable":true,"href":"https:\/\/agpnoticias.com\/news\/index.php?rest_route=%2Fwp%2Fv2%2Fcomments&post=2919983"}],"version-history":[{"count":1,"href":"https:\/\/agpnoticias.com\/news\/index.php?rest_route=\/wp\/v2\/posts\/2919983\/revisions"}],"predecessor-version":[{"id":2919985,"href":"https:\/\/agpnoticias.com\/news\/index.php?rest_route=\/wp\/v2\/posts\/2919983\/revisions\/2919985"}],"wp:featuredmedia":[{"embeddable":true,"href":"https:\/\/agpnoticias.com\/news\/index.php?rest_route=\/wp\/v2\/media\/2919984"}],"wp:attachment":[{"href":"https:\/\/agpnoticias.com\/news\/index.php?rest_route=%2Fwp%2Fv2%2Fmedia&parent=2919983"}],"wp:term":[{"taxonomy":"category","embeddable":true,"href":"https:\/\/agpnoticias.com\/news\/index.php?rest_route=%2Fwp%2Fv2%2Fcategories&post=2919983"},{"taxonomy":"post_tag","embeddable":true,"href":"https:\/\/agpnoticias.com\/news\/index.php?rest_route=%2Fwp%2Fv2%2Ftags&post=2919983"}],"curies":[{"name":"wp","href":"https:\/\/api.w.org\/{rel}","templated":true}]}}