{"id":2919989,"date":"2021-01-14T12:22:48","date_gmt":"2021-01-14T20:22:48","guid":{"rendered":"https:\/\/agpnoticias.com\/news\/?p=2919989"},"modified":"2021-01-14T12:23:36","modified_gmt":"2021-01-14T20:23:36","slug":"el-piloto-de-formula-1-charles-leclerc-da-positivo-por-covid-19","status":"publish","type":"post","link":"https:\/\/agpnoticias.com\/news\/?p=2919989","title":{"rendered":"El piloto de Formula 1 Charles Leclerc da positivo por covid-19"},"content":{"rendered":"\n<p>El piloto monegasco <strong>Charles Leclerc<\/strong> se convirti\u00f3 en el quinto competidor de la parrilla de F\u00f3rmula 1 en dar positivo por el nuevo coronavirus, esto seg\u00fan inform\u00f3 el propio competidor en sus redes sociales. El piloto de Ferrari inform\u00f3 que su contagio se debi\u00f3 a que estuvo cerca de una persona que dio positivo\u00a0a un test por covid-19\u00a0por lo que \u201cinmediatamente entr\u00e9 en auto-aislamiento, notificando a cualquiera con quien he estado en contacto\u00bb.<\/p>\n<blockquote>\n<p>\u201cMe siento bien y con s\u00edntomas leves.<\/p>\n<\/blockquote>\n<p>Permanecer\u00e9 en aislamiento en mi casa en M\u00f3naco para cumplir las regulaciones establecidas por las autoridades sanitarias locales\u201d, dijo el competidor de la casa de Maranello.<\/p>\n<p>Este a\u00f1o, Leclerc es el segundo piloto de F1 en contagiarse luego de que Lando Norris inform\u00f3 la misma situaci\u00f3n hace unos d\u00edas en Dub\u00e1i, lugar donde estaba pasando sus vacaciones y preparando su pr\u00f3xima campa\u00f1a. En la temporada 2020, Sergio P\u00e9rez, Lance Stroll y Lewis Hamilton tambi\u00e9n padecieron la enfermedad, pero solo el mexicano perdi\u00f3 dos carreras, la doble fecha en Silverstone.<\/p>\n<p>La F1 retras\u00f3 el inicio del calendario 2021 ante la dificultad de cumplir con la cuarentena de 14 d\u00edas establecida por Australia, por lo que la campa\u00f1a arrancar\u00e1 a finales de marzo en Bahr\u00e9in, lugar donde tambi\u00e9n se har\u00e1n los test de pretemporada.<\/p>\n","protected":false},"excerpt":{"rendered":"<p>El conductor de la escuder\u00eda Ferrari ya mantiene una recuperaci\u00f3n desde su casa <\/p>\n","protected":false},"author":1,"featured_media":2919990,"comment_status":"open","ping_status":"closed","sticky":false,"template":"","format":"standard","meta":{"footnotes":""},"categories":[37],"tags":[595],"class_list":["post-2919989","post","type-post","status-publish","format-standard","has-post-thumbnail","hentry","category-off-road","tag-destacado"],"_links":{"self":[{"href":"https:\/\/agpnoticias.com\/news\/index.php?rest_route=\/wp\/v2\/posts\/2919989","targetHints":{"allow":["GET"]}}],"collection":[{"href":"https:\/\/agpnoticias.com\/news\/index.php?rest_route=\/wp\/v2\/posts"}],"about":[{"href":"https:\/\/agpnoticias.com\/news\/index.php?rest_route=\/wp\/v2\/types\/post"}],"author":[{"embeddable":true,"href":"https:\/\/agpnoticias.com\/news\/index.php?rest_route=\/wp\/v2\/users\/1"}],"replies":[{"embeddable":true,"href":"https:\/\/agpnoticias.com\/news\/index.php?rest_route=%2Fwp%2Fv2%2Fcomments&post=2919989"}],"version-history":[{"count":2,"href":"https:\/\/agpnoticias.com\/news\/index.php?rest_route=\/wp\/v2\/posts\/2919989\/revisions"}],"predecessor-version":[{"id":2919993,"href":"https:\/\/agpnoticias.com\/news\/index.php?rest_route=\/wp\/v2\/posts\/2919989\/revisions\/2919993"}],"wp:featuredmedia":[{"embeddable":true,"href":"https:\/\/agpnoticias.com\/news\/index.php?rest_route=\/wp\/v2\/media\/2919990"}],"wp:attachment":[{"href":"https:\/\/agpnoticias.com\/news\/index.php?rest_route=%2Fwp%2Fv2%2Fmedia&parent=2919989"}],"wp:term":[{"taxonomy":"category","embeddable":true,"href":"https:\/\/agpnoticias.com\/news\/index.php?rest_route=%2Fwp%2Fv2%2Fcategories&post=2919989"},{"taxonomy":"post_tag","embeddable":true,"href":"https:\/\/agpnoticias.com\/news\/index.php?rest_route=%2Fwp%2Fv2%2Ftags&post=2919989"}],"curies":[{"name":"wp","href":"https:\/\/api.w.org\/{rel}","templated":true}]}}