{"id":2919999,"date":"2021-01-14T21:24:41","date_gmt":"2021-01-15T05:24:41","guid":{"rendered":"https:\/\/agpnoticias.com\/news\/?p=2919999"},"modified":"2021-01-14T21:24:46","modified_gmt":"2021-01-15T05:24:46","slug":"fgr-determina-no-ejercer-accion-penal-contra-el-general-salvador-cienfuegos","status":"publish","type":"post","link":"https:\/\/agpnoticias.com\/news\/?p=2919999","title":{"rendered":"FGR determina no ejercer acci\u00f3n penal contra el general Salvador Cienfuegos"},"content":{"rendered":"\n<p>La Fiscal\u00eda General de la Rep\u00fablica (<strong>FGR<\/strong>) decidi\u00f3 no ejercer acci\u00f3n penal contra el exsecretario de la Defensa Nacional,\u00a0<strong>Salvador Cienfuegos Zepeda<\/strong>, acusado en Estados Unidos por cargos de\u00a0<strong>narcotr\u00e1fico<\/strong>.\u00a0<\/p>\n<p>\u201cDel an\u00e1lisis correspondiente, se lleg\u00f3 a la conclusi\u00f3n de que el General\u00a0<strong>Salvador Cienfuegos Zepeda<\/strong>\u00a0nunca tuvo encuentro alguno con los integrantes de la organizaci\u00f3n delictiva investigada por las autoridades norteamericanas y tampoco sostuvo comunicaci\u00f3n alguna con ellos, ni realiz\u00f3 actos tendientes a proteger o ayudar a dichos individuos\u201d, inform\u00f3 la FGR en un comunicado.<\/p>\n<p><span style=\"font-family: 'PT Serif', sans-serif; font-size: inherit; font-weight: 400;\">La <\/span><strong style=\"font-family: 'PT Serif', sans-serif; font-size: inherit;\">FGR<\/strong><span style=\"font-family: 'PT Serif', sans-serif; font-size: inherit; font-weight: 400;\">\u00a0detall\u00f3 que tampoco encontr\u00f3 prueba alguna de que\u00a0<\/span><strong style=\"font-family: 'PT Serif', sans-serif; font-size: inherit;\">Salvador Cienfuegos<\/strong><span style=\"font-family: 'PT Serif', sans-serif; font-size: inherit; font-weight: 400;\">\u00a0hubiera utilizado alg\u00fan equipo o medio electr\u00f3nico, ni que haya emitido alguna orden para favorecer al grupo delictivo se\u00f1alado en su caso.<\/span><\/p>\n<p>Tambi\u00e9n descart\u00f3 que en su declaraci\u00f3n patrimonial existiera \u201cdato o s\u00edntoma de obtenci\u00f3n de ingresos ilegales o acrecentamiento fuera de lo normal, de acuerdo con sus percepciones en el servicio p\u00fablico\u201d.<\/p>\n<p>\u201cPor los motivos anteriores, y con base en los razonamientos y pruebas en la carpeta correspondiente, la Fiscal\u00eda General de la Rep\u00fablica, a trav\u00e9s de la Subprocuradur\u00eda Especializada en Investigaci\u00f3n de Delincuencia Organizada (SEIDO), ha determinado el\u00a0<strong>no ejercicio de la acci\u00f3n penal<\/strong>, en favor del General\u00a0<strong>Salvador Cienfuegos Zepeda<\/strong>\u201c, expuso la\u00a0<strong>FGR<\/strong>.<\/p>\n<p>Agreg\u00f3 que\u00a0<strong>Cienfuegos<\/strong>\u00a0conoci\u00f3 las imputaciones hechas por autoridades norteamericanas el pasado 9 de enero, as\u00ed como las investigaciones realizadas por la\u00a0<strong>FGR<\/strong>\u00a0en el caso. Adem\u00e1s, tuvo acceso al expediente para poder presentar sus datos de prueba.<\/p>\n<blockquote class=\"wp-block-quote\">\n<p><span style=\"font-family: 'PT Serif', sans-serif; font-size: inherit; font-weight: 400;\">\u201cA partir de esa fecha, dicha persona ha aportado sus elementos de prueba y la Fiscal\u00eda General de la Rep\u00fablica llev\u00f3 a cabo todas las acciones necesarias para obtener las evidencias indispensables en este caso\u201d, extern\u00f3.<\/span><\/p>\n<\/blockquote>\n<p>La instituci\u00f3n critic\u00f3 que la\u00a0<strong>Agencia Antidrogas de Estados Unidos<\/strong>\u00a0(<strong>DEA<\/strong>) haya iniciado una investigaci\u00f3n desde el 2013 sin el conocimiento y sin la colaboraci\u00f3n del\u00a0<strong>gobierno de M\u00e9xico<\/strong>.\u00a0<\/p>\n<p>Reproch\u00f3 que las indagatorias hayan continuado por varios a\u00f1os sin entregar informes a las\u00a0<a href=\"https:\/\/twitter.com\/FGRMexico\">autoridades<\/a>\u00a0mexicanas hasta el d\u00eda de su detenci\u00f3n el 15 de octubre de 2020.<\/p>\n","protected":false},"excerpt":{"rendered":"","protected":false},"author":1,"featured_media":2920000,"comment_status":"open","ping_status":"closed","sticky":false,"template":"","format":"standard","meta":{"footnotes":""},"categories":[1],"tags":[],"class_list":["post-2919999","post","type-post","status-publish","format-standard","has-post-thumbnail","hentry","category-uncategorized"],"_links":{"self":[{"href":"https:\/\/agpnoticias.com\/news\/index.php?rest_route=\/wp\/v2\/posts\/2919999","targetHints":{"allow":["GET"]}}],"collection":[{"href":"https:\/\/agpnoticias.com\/news\/index.php?rest_route=\/wp\/v2\/posts"}],"about":[{"href":"https:\/\/agpnoticias.com\/news\/index.php?rest_route=\/wp\/v2\/types\/post"}],"author":[{"embeddable":true,"href":"https:\/\/agpnoticias.com\/news\/index.php?rest_route=\/wp\/v2\/users\/1"}],"replies":[{"embeddable":true,"href":"https:\/\/agpnoticias.com\/news\/index.php?rest_route=%2Fwp%2Fv2%2Fcomments&post=2919999"}],"version-history":[{"count":1,"href":"https:\/\/agpnoticias.com\/news\/index.php?rest_route=\/wp\/v2\/posts\/2919999\/revisions"}],"predecessor-version":[{"id":2920001,"href":"https:\/\/agpnoticias.com\/news\/index.php?rest_route=\/wp\/v2\/posts\/2919999\/revisions\/2920001"}],"wp:featuredmedia":[{"embeddable":true,"href":"https:\/\/agpnoticias.com\/news\/index.php?rest_route=\/wp\/v2\/media\/2920000"}],"wp:attachment":[{"href":"https:\/\/agpnoticias.com\/news\/index.php?rest_route=%2Fwp%2Fv2%2Fmedia&parent=2919999"}],"wp:term":[{"taxonomy":"category","embeddable":true,"href":"https:\/\/agpnoticias.com\/news\/index.php?rest_route=%2Fwp%2Fv2%2Fcategories&post=2919999"},{"taxonomy":"post_tag","embeddable":true,"href":"https:\/\/agpnoticias.com\/news\/index.php?rest_route=%2Fwp%2Fv2%2Ftags&post=2919999"}],"curies":[{"name":"wp","href":"https:\/\/api.w.org\/{rel}","templated":true}]}}