{"id":2920005,"date":"2021-01-15T08:52:20","date_gmt":"2021-01-15T16:52:20","guid":{"rendered":"https:\/\/agpnoticias.com\/news\/?p=2920005"},"modified":"2021-01-15T08:53:16","modified_gmt":"2021-01-15T16:53:16","slug":"dakar-2021-muere-el-piloto-frances-pierre-cherpin-tras-su-grave-caida","status":"publish","type":"post","link":"https:\/\/agpnoticias.com\/news\/?p=2920005","title":{"rendered":"Dakar 2021 | Muere el piloto franc\u00e9s Pierre Cherpin tras su grave ca\u00edda"},"content":{"rendered":"\n<p>Justo en la \u00faltima jornada, la organizaci\u00f3n del Dakar ha confirmado este viernes que el franc\u00e9s\u00a0<b>Pierre Cherpin<\/b>, piloto de motos que el pasado d\u00eda 10 fue v\u00edctima de una ca\u00edda durante la s\u00e9ptima etapa entre Ha\u2019il y Sakaka, falleci\u00f3 durante su traslado en avi\u00f3n sanitario a Francia.<\/p>\n<h2>Pierre Cherpin muere en el Rally Dakar<\/h2>\n<p><b>Pierre Cherpin<\/b>, piloto no profesional de 52 a\u00f1os, se estrell\u00f3 alrededor de las 13.00 horas en el kil\u00f3metro 178 de la etapa y los m\u00e9dicos lo encontraron inconsciente cuando lo alcanzaron en helic\u00f3ptero.<\/p>\n<p>Llevado al hospital de Sakaka, el informe m\u00e9dico revel\u00f3 un traumatismo craneoencef\u00e1lico severo con p\u00e9rdida del conocimiento. Operado de urgencia en neurocirug\u00eda, desde entonces hab\u00eda estado en coma inducido, habi\u00e9ndose mantenido estable durante los \u00faltimos d\u00edas.<\/p>\n<p>Fue trasladado en avi\u00f3n desde Sakaka al hospital de Jeddah, desde donde iba a ser trasladado al hospital de Lille.<\/p>\n<p>Apasionado de los espacios abiertos,\u00a0<b>Pierre Cherpin\u00a0<\/b>participaba en su cuarto Dakar con una Husqvarna.<\/p>\n<p>Su primera participaci\u00f3n fue en 2009, cuando el Dakar se disput\u00f3 por primera vez en Sudam\u00e9rica.<\/p>\n<p>Se inscribi\u00f3 en la categor\u00eda \u2018malle moto\u2019 y regres\u00f3 en 2012 todav\u00eda en la misma categor\u00eda.<\/p>\n<p>Complet\u00f3 la carrera en ambas ocasiones. Regres\u00f3 por tercera vez en 2015, pero tuvo que rendirse despu\u00e9s de una falla en el motor.<\/p>\n<p>Seis a\u00f1os despu\u00e9s, en 2021, se incorpor\u00f3 a la misma categor\u00eda, conocida ahora como \u2018Original by Motul\u2019.<\/p>\n<p><b>Cherpin<\/b>\u00a0lleg\u00f3 al Dakar impulsado por la curiosidad de descubrir un nuevo continente y en la noche de la sexta etapa, previa a la de su accidente, se encontraba en la posici\u00f3n 77 de la clasificaci\u00f3n general.<\/p>\n<p>Este emprendedor de 52 a\u00f1os y entusiasta de la navegaci\u00f3n no ten\u00eda m\u00e1s ambiciones que vivir una aventura, sin preocuparse realmente por el podio: \u201cSoy un aficionado, no quiero ganar sino descubrir paisajes que nunca hubiera tenido Tuve la oportunidad de ver lo contrario.<\/p>\n<p>Todo es emocionante: andar en bicicleta, vivir tu pasi\u00f3n, conocerte a ti mismo\u201d.<\/p>\n","protected":false},"excerpt":{"rendered":"<p>El veterano piloto amateur franc\u00e9s, de 52 a\u00f1os y que compet\u00eda en la categor\u00eda \u2018Original by Motul\u2019 de motos, permanec\u00eda en coma inducido desde que el pasado d\u00eda 10 se estrell\u00f3 durante la s\u00e9ptima etapa y fue hallado inconsciente<\/p>\n","protected":false},"author":1,"featured_media":2920006,"comment_status":"open","ping_status":"closed","sticky":false,"template":"","format":"standard","meta":{"footnotes":""},"categories":[37],"tags":[595],"class_list":["post-2920005","post","type-post","status-publish","format-standard","has-post-thumbnail","hentry","category-off-road","tag-destacado"],"_links":{"self":[{"href":"https:\/\/agpnoticias.com\/news\/index.php?rest_route=\/wp\/v2\/posts\/2920005","targetHints":{"allow":["GET"]}}],"collection":[{"href":"https:\/\/agpnoticias.com\/news\/index.php?rest_route=\/wp\/v2\/posts"}],"about":[{"href":"https:\/\/agpnoticias.com\/news\/index.php?rest_route=\/wp\/v2\/types\/post"}],"author":[{"embeddable":true,"href":"https:\/\/agpnoticias.com\/news\/index.php?rest_route=\/wp\/v2\/users\/1"}],"replies":[{"embeddable":true,"href":"https:\/\/agpnoticias.com\/news\/index.php?rest_route=%2Fwp%2Fv2%2Fcomments&post=2920005"}],"version-history":[{"count":1,"href":"https:\/\/agpnoticias.com\/news\/index.php?rest_route=\/wp\/v2\/posts\/2920005\/revisions"}],"predecessor-version":[{"id":2920007,"href":"https:\/\/agpnoticias.com\/news\/index.php?rest_route=\/wp\/v2\/posts\/2920005\/revisions\/2920007"}],"wp:featuredmedia":[{"embeddable":true,"href":"https:\/\/agpnoticias.com\/news\/index.php?rest_route=\/wp\/v2\/media\/2920006"}],"wp:attachment":[{"href":"https:\/\/agpnoticias.com\/news\/index.php?rest_route=%2Fwp%2Fv2%2Fmedia&parent=2920005"}],"wp:term":[{"taxonomy":"category","embeddable":true,"href":"https:\/\/agpnoticias.com\/news\/index.php?rest_route=%2Fwp%2Fv2%2Fcategories&post=2920005"},{"taxonomy":"post_tag","embeddable":true,"href":"https:\/\/agpnoticias.com\/news\/index.php?rest_route=%2Fwp%2Fv2%2Ftags&post=2920005"}],"curies":[{"name":"wp","href":"https:\/\/api.w.org\/{rel}","templated":true}]}}