{"id":2920009,"date":"2021-01-15T09:06:07","date_gmt":"2021-01-15T17:06:07","guid":{"rendered":"https:\/\/agpnoticias.com\/news\/?p=2920009"},"modified":"2021-01-15T09:08:54","modified_gmt":"2021-01-15T17:08:54","slug":"stefan-medina-no-jugara-ante-america-por-sintomas-de-covid-19","status":"publish","type":"post","link":"https:\/\/agpnoticias.com\/news\/?p=2920009","title":{"rendered":"Stefan Medina no jugar\u00e1 ante Am\u00e9rica por s\u00edntomas de COVID-19"},"content":{"rendered":"\n<p>Adem\u00e1s de Vincent Janssen, Rayados tendr\u00e1 otra baja para enfrentar a Am\u00e9rica en la Jornada 2 del Guard1anes 2021.<\/p>\n<p>Se trata de <strong>Stefan Medina,<\/strong> quien se ha ausentado en las \u00faltimas pr\u00e1cticas por ser sospechoso de COVID-19.<\/p>\n<p>El zaguero colombiano entren\u00f3 por \u00faltima vez el mi\u00e9rcoles con la Pandilla, <strong>este jueves no acudi\u00f3 a las instalaciones del club para hacerse la prueba PCR<\/strong> y tambi\u00e9n se ausent\u00f3 este viernes, a la espera de que el club d\u00e9 a conocer los resultados.<\/p>\n<p>Su lugar en la lateral derecha lo tomar\u00eda Edson Guti\u00e9rrez, a falta de confirmarse en el \u00faltimo interescuadras que plantee Javier Aguirre este viernes en El Barrial y la baja de Stefan le dar\u00eda lugar a Nico S\u00e1nchez en la convocatoria, quien recientemente se recuper\u00f3 de COVID-19.<\/p>\n<p>Janssen es el otro ausente contra las \u00c1guilas luego de fracturarse dos dedos de la mano derecha, tambi\u00e9n el mi\u00e9rcoles pasado y ser\u00e1 baja de dos a tres semanas.\u00a0<\/p>\n","protected":false},"excerpt":{"rendered":"","protected":false},"author":1,"featured_media":2920010,"comment_status":"open","ping_status":"closed","sticky":false,"template":"","format":"standard","meta":{"footnotes":""},"categories":[405],"tags":[595],"class_list":["post-2920009","post","type-post","status-publish","format-standard","has-post-thumbnail","hentry","category-sin-categoria-es","tag-destacado"],"_links":{"self":[{"href":"https:\/\/agpnoticias.com\/news\/index.php?rest_route=\/wp\/v2\/posts\/2920009","targetHints":{"allow":["GET"]}}],"collection":[{"href":"https:\/\/agpnoticias.com\/news\/index.php?rest_route=\/wp\/v2\/posts"}],"about":[{"href":"https:\/\/agpnoticias.com\/news\/index.php?rest_route=\/wp\/v2\/types\/post"}],"author":[{"embeddable":true,"href":"https:\/\/agpnoticias.com\/news\/index.php?rest_route=\/wp\/v2\/users\/1"}],"replies":[{"embeddable":true,"href":"https:\/\/agpnoticias.com\/news\/index.php?rest_route=%2Fwp%2Fv2%2Fcomments&post=2920009"}],"version-history":[{"count":1,"href":"https:\/\/agpnoticias.com\/news\/index.php?rest_route=\/wp\/v2\/posts\/2920009\/revisions"}],"predecessor-version":[{"id":2920011,"href":"https:\/\/agpnoticias.com\/news\/index.php?rest_route=\/wp\/v2\/posts\/2920009\/revisions\/2920011"}],"wp:featuredmedia":[{"embeddable":true,"href":"https:\/\/agpnoticias.com\/news\/index.php?rest_route=\/wp\/v2\/media\/2920010"}],"wp:attachment":[{"href":"https:\/\/agpnoticias.com\/news\/index.php?rest_route=%2Fwp%2Fv2%2Fmedia&parent=2920009"}],"wp:term":[{"taxonomy":"category","embeddable":true,"href":"https:\/\/agpnoticias.com\/news\/index.php?rest_route=%2Fwp%2Fv2%2Fcategories&post=2920009"},{"taxonomy":"post_tag","embeddable":true,"href":"https:\/\/agpnoticias.com\/news\/index.php?rest_route=%2Fwp%2Fv2%2Ftags&post=2920009"}],"curies":[{"name":"wp","href":"https:\/\/api.w.org\/{rel}","templated":true}]}}