{"id":2920013,"date":"2021-01-15T11:15:00","date_gmt":"2021-01-15T19:15:00","guid":{"rendered":"https:\/\/agpnoticias.com\/news\/?p=2920013"},"modified":"2021-01-15T09:43:44","modified_gmt":"2021-01-15T17:43:44","slug":"nadal-lanza-su-camiseta-y-mascarilla-vamos-rafa-para-animarle-en-australia","status":"publish","type":"post","link":"https:\/\/agpnoticias.com\/news\/?p=2920013","title":{"rendered":"Nadal lanza su camiseta y mascarilla &#8216;Vamos Rafa&#8217; para animarle en Australia"},"content":{"rendered":"\n<p>El tenista espa\u00f1ol <strong>Rafa Nadal ha lanzado su camiseta<\/strong> y mascarilla &#8216;Vamos Rafa&#8217; para animar al jugador balear ante el Abierto de Australia, primer &#8216;Grand Slam&#8217; de la temporada que se disputar\u00e1 del <strong>8 al 21 de febrero<\/strong> tras ser aplazado por la pandemia de la COVID-19. \u00a0\u00a0<\/p>\n<p>La camiseta Nike &#8216;Vamos Rafa&#8217; es una edici\u00f3n limitada de color gris que refleja el clamor con el que mejor se identifica al campe\u00f3n de 20 t\u00edtulos de Grand Slam, mientras que la mascarilla color azul es una prenda de uso de uso diario para protegerse del posible contagio por coronavirus. \u00a0\u00a0\u00a0<\/p>\n<p>Asimismo, Nadal hizo historia el pasado octubre al cosechar su vig\u00e9simo t\u00edtulo de un &#8216;grande&#8217;, que recuerda en una camiseta que refleja con un n\u00famero que formar\u00e1 para siempre parte de la carrera deportiva del tenista balear. \u00a0\u00a0<\/p>\n<p>\u00a0La Rafa Nadal Shop tambi\u00e9n ha creado una mascarilla conmemorativa de los hist\u00f3ricos 20 t\u00edtulos de \u00a1Grand Slam&#8217;. El propio Rafa Nadal la us\u00f3 tanto en el Masters 1000 de Parys Bercy como en las Finales de la ATP en Londres del pasado a\u00f1o.<\/p>\n<p>Por \u00faltimo, tambi\u00e9n est\u00e1 disponible el calendario oficial de la Fundaci\u00f3n Rafa Nadal y el peluche solidario, as\u00ed como otros art\u00edculos como paraguas, libretas y, entre otros, pinturas.<br \/><br \/><br \/><br \/><br \/><br \/><\/p>\n","protected":false},"excerpt":{"rendered":"<p>El tenista espa\u00f1ol Rafa Nadal ha lanzado su camiseta y mascarilla &#8216;Vamos Rafa&#8217; para animar al jugador balear ante el Abierto de Australia, primer &#8216;Grand Slam&#8217; de la temporada que se disputar\u00e1 del 8 al 21 de febrero tras ser aplazado por la pandemia de la COVID-19.<\/p>\n","protected":false},"author":1,"featured_media":2920014,"comment_status":"open","ping_status":"closed","sticky":false,"template":"","format":"standard","meta":{"footnotes":""},"categories":[629],"tags":[595],"class_list":["post-2920013","post","type-post","status-publish","format-standard","has-post-thumbnail","hentry","category-tennis","tag-destacado"],"_links":{"self":[{"href":"https:\/\/agpnoticias.com\/news\/index.php?rest_route=\/wp\/v2\/posts\/2920013","targetHints":{"allow":["GET"]}}],"collection":[{"href":"https:\/\/agpnoticias.com\/news\/index.php?rest_route=\/wp\/v2\/posts"}],"about":[{"href":"https:\/\/agpnoticias.com\/news\/index.php?rest_route=\/wp\/v2\/types\/post"}],"author":[{"embeddable":true,"href":"https:\/\/agpnoticias.com\/news\/index.php?rest_route=\/wp\/v2\/users\/1"}],"replies":[{"embeddable":true,"href":"https:\/\/agpnoticias.com\/news\/index.php?rest_route=%2Fwp%2Fv2%2Fcomments&post=2920013"}],"version-history":[{"count":1,"href":"https:\/\/agpnoticias.com\/news\/index.php?rest_route=\/wp\/v2\/posts\/2920013\/revisions"}],"predecessor-version":[{"id":2920015,"href":"https:\/\/agpnoticias.com\/news\/index.php?rest_route=\/wp\/v2\/posts\/2920013\/revisions\/2920015"}],"wp:featuredmedia":[{"embeddable":true,"href":"https:\/\/agpnoticias.com\/news\/index.php?rest_route=\/wp\/v2\/media\/2920014"}],"wp:attachment":[{"href":"https:\/\/agpnoticias.com\/news\/index.php?rest_route=%2Fwp%2Fv2%2Fmedia&parent=2920013"}],"wp:term":[{"taxonomy":"category","embeddable":true,"href":"https:\/\/agpnoticias.com\/news\/index.php?rest_route=%2Fwp%2Fv2%2Fcategories&post=2920013"},{"taxonomy":"post_tag","embeddable":true,"href":"https:\/\/agpnoticias.com\/news\/index.php?rest_route=%2Fwp%2Fv2%2Ftags&post=2920013"}],"curies":[{"name":"wp","href":"https:\/\/api.w.org\/{rel}","templated":true}]}}