{"id":2920016,"date":"2021-01-15T15:00:00","date_gmt":"2021-01-15T23:00:00","guid":{"rendered":"https:\/\/agpnoticias.com\/news\/?p=2920016"},"modified":"2021-01-15T09:47:48","modified_gmt":"2021-01-15T17:47:48","slug":"fuertes-vientos-para-este-fin-de-semana-en-baja-california","status":"publish","type":"post","link":"https:\/\/agpnoticias.com\/news\/?p=2920016","title":{"rendered":"Fuertes vientos para este fin de semana en Baja California"},"content":{"rendered":"\n<p class=\"x_MsoNormal\">Con el fin de que la poblaci\u00f3n tome las medidas preventivas debido a los cambios de clima, la Coordinaci\u00f3n Municipal de Protecci\u00f3n Civil de Ensenada informa que para el pr\u00f3ximo fin de semana se pronostican vientos de Santa Ana.<\/p>\n<p class=\"x_MsoNormal\">Julio Obreg\u00f3n Angulo, titular de la dependencia en representaci\u00f3n del presidente Armando Ayala Robles, refiri\u00f3 lo anterior de acuerdo a los modelos meteorol\u00f3gicos y la discusi\u00f3n del pron\u00f3stico de la NOAA-NWS.<\/p>\n<p class=\"x_MsoNormal\">\u201cPara el final de la semana y el fin de semana, habr\u00e1 m\u00faltiples per\u00edodos de vientos de Santa Ana, a medida que una serie de corrientes pasan hacia el norte. Esto resultar\u00e1 en tres per\u00edodos de r\u00e1fagas de viento, baja humedad relativa y un clima de incendio elevado a casi cr\u00edtico\u201d, detall\u00f3.<\/p>\n<p class=\"x_MsoNormal\">El funcionario refiri\u00f3 que el primer periodo ser\u00e1 de jueves a viernes por la ma\u00f1ana.<\/p>\n<p class=\"x_MsoNormal\">Debido a esto, prosigui\u00f3, se espera que aumente la cobertura y la fuerza del viento en Santa Ana, especialmente en los ca\u00f1ones y cerca de las laderas de las monta\u00f1as costeras.<\/p>\n<p class=\"x_MsoNormal\">\u201cEn las zonas urbanas de Tijuana, Rosarito y Ensenada las r\u00e1fagas de viento ser\u00e1n menos intensas, pero de moderadas a fuertes\u201d, coment\u00f3.<\/p>\n<p class=\"x_MsoNormal\">Obreg\u00f3n Angulo agreg\u00f3 que las r\u00e1fagas m\u00e1ximas de norte al noreste ser\u00e1n de 70 a 80 kph, mientras que la humedad relativa m\u00ednima ser\u00e1 del 10 al 15 %.<\/p>\n<p class=\"x_MsoNormal\">\u201cDe s\u00e1bado a domingo, los valores de la fuerza del viento y la humedad relativa tienden a ser similares a los pronosticados para el jueves-viernes; la parte m\u00e1s intensa se espera para el viernes por la tarde\u201d, concluy\u00f3 el director.\u00a0<\/p>\n","protected":false},"excerpt":{"rendered":"","protected":false},"author":1,"featured_media":2920017,"comment_status":"open","ping_status":"closed","sticky":false,"template":"","format":"standard","meta":{"footnotes":""},"categories":[1],"tags":[],"class_list":["post-2920016","post","type-post","status-publish","format-standard","has-post-thumbnail","hentry","category-uncategorized"],"_links":{"self":[{"href":"https:\/\/agpnoticias.com\/news\/index.php?rest_route=\/wp\/v2\/posts\/2920016","targetHints":{"allow":["GET"]}}],"collection":[{"href":"https:\/\/agpnoticias.com\/news\/index.php?rest_route=\/wp\/v2\/posts"}],"about":[{"href":"https:\/\/agpnoticias.com\/news\/index.php?rest_route=\/wp\/v2\/types\/post"}],"author":[{"embeddable":true,"href":"https:\/\/agpnoticias.com\/news\/index.php?rest_route=\/wp\/v2\/users\/1"}],"replies":[{"embeddable":true,"href":"https:\/\/agpnoticias.com\/news\/index.php?rest_route=%2Fwp%2Fv2%2Fcomments&post=2920016"}],"version-history":[{"count":1,"href":"https:\/\/agpnoticias.com\/news\/index.php?rest_route=\/wp\/v2\/posts\/2920016\/revisions"}],"predecessor-version":[{"id":2920018,"href":"https:\/\/agpnoticias.com\/news\/index.php?rest_route=\/wp\/v2\/posts\/2920016\/revisions\/2920018"}],"wp:featuredmedia":[{"embeddable":true,"href":"https:\/\/agpnoticias.com\/news\/index.php?rest_route=\/wp\/v2\/media\/2920017"}],"wp:attachment":[{"href":"https:\/\/agpnoticias.com\/news\/index.php?rest_route=%2Fwp%2Fv2%2Fmedia&parent=2920016"}],"wp:term":[{"taxonomy":"category","embeddable":true,"href":"https:\/\/agpnoticias.com\/news\/index.php?rest_route=%2Fwp%2Fv2%2Fcategories&post=2920016"},{"taxonomy":"post_tag","embeddable":true,"href":"https:\/\/agpnoticias.com\/news\/index.php?rest_route=%2Fwp%2Fv2%2Ftags&post=2920016"}],"curies":[{"name":"wp","href":"https:\/\/api.w.org\/{rel}","templated":true}]}}