{"id":2920037,"date":"2021-01-15T21:20:06","date_gmt":"2021-01-16T05:20:06","guid":{"rendered":"https:\/\/agpnoticias.com\/news\/?p=2920037"},"modified":"2021-01-15T21:20:09","modified_gmt":"2021-01-16T05:20:09","slug":"replica-cosas-buenas-que-parecen-al-menos-para-mi-malas","status":"publish","type":"post","link":"https:\/\/agpnoticias.com\/news\/?p=2920037","title":{"rendered":"R\u00c9PLICA (Cosas buenas que parecen (al menos para m\u00ed) malas)"},"content":{"rendered":"\n<p><strong>Por Fernando Ribeiro Cham<\/strong><\/p>\n<p class=\"p1\"><span class=\"s1\"><b>\u201cCosas buenas que parecen (al menos para m\u00ed) malas\u201d.<\/b><\/span><\/p>\n<p class=\"p1\"><span class=\"s1\">Estimado Iv\u00e1n Ramos.<span class=\"Apple-converted-space\">\u00a0<\/span><\/span><\/p>\n<p class=\"p1\"><span class=\"s1\">Me da gusto constatar este esfuerzo que p\u00fablicamente ha manifestado la tan a\u00f1orada defensa de la profesi\u00f3n. Celebro la inclusi\u00f3n de personas con capacidad probada en distintos \u00e1mbitos del quehacer del \u00e1mbito de acci\u00f3n propia de nuestro campo ocupacional.<\/span><\/p>\n<p class=\"p1\"><span class=\"s1\">Desear\u00eda incorporarme y poner a disposici\u00f3n de \u201cAliados por el desarrollo de la cultura f\u00edsica\u201d, el mayor de mis esfuerzos y capacidades. Sin embargo hay algo que no permite, de momento, afiliarme a la asociaci\u00f3n civil y es que creo incompatible y moralmente inapropiado, que quien encabeza un esfuerzo desde el \u00e1mbito civil, como es el caso de la presidencia de esta asociaci\u00f3n civil, sea tambi\u00e9n quien tenga la responsabilidad de promover la cultura f\u00edsica y el deporte desde una direcci\u00f3n partidista, como es tu caso en el PRI.<\/span><\/p>\n<p class=\"p1\"><span class=\"s1\">Podr\u00e1s creer que uno se \u201cespanta\u201d de m\u00e1s, pero al ver la imagen institucional de la asociaci\u00f3n civil, el azul, rojo y amarillo, me hace pensar m\u00e1s en la coalici\u00f3n partidista que reci\u00e9n fue aprobada y no en una simple casualidad del azar, un \u201ceureka\u201d del dise\u00f1o.<\/span><\/p>\n<p class=\"p1\"><span class=\"s1\"><img fetchpriority=\"high\" decoding=\"async\" class=\"alignright size-full wp-image-2920039\" src=\"https:\/\/agpnoticias.com\/news\/wp-content\/uploads\/2021\/01\/Screenshot_20210115-092607_Facebook-1.jpg\" alt=\"\" width=\"257\" height=\"285\" \/>Quiero ponerte dos ejemplos. Como sabes, un servidor presidi\u00f3 la asociaci\u00f3n civil que promovi\u00f3, hasta donde el esfuerzo ciudadano pudo dar y a pesar de otro esfuerzo, en sentido contrario, la construcci\u00f3n del Sal\u00f3n de la Fama del Deporte de Ensenada y una de las condicionantes para la incorporaci\u00f3n y subsidio gubernamental, fue el hecho de mantener los colores neutros en la imagen del recinto y la nula participaci\u00f3n partidista o gubernamental en procesos tan importantes como la insaculaci\u00f3n del jurado o la elecci\u00f3n de los entronizados. Otro ejemplo es aquel en el que un servidor ver\u00eda necesario el renunciar a la presidencia antes mencionada, si hubiese sido electo para presidir el partido pol\u00edtico al que pertenezco. Separar la labor partidista, del esfuerzo ciudadano.<\/span><\/p>\n<p class=\"p1\"><span class=\"s1\">Qu\u00e9 espero de \u201cAliados por el desarrollo de la cultura f\u00edsica de Baja California, A.C.\u201d, que en verdad alce la voz en favor de los cambios estructurales que fomenten la profesionalizaci\u00f3n y valorizaci\u00f3n de nuestro accionar. Qu\u00e9 esperar\u00eda de ti, que renunciaras a tu funci\u00f3n partidista, para que no haya duda de las intenciones desde el \u00e1mbito social.<\/span><\/p>\n<p class=\"p1\"><span class=\"s1\">Toma esto como lo que es, una invitaci\u00f3n a evitar las suspicacias. Espero el momento en el que lo anterior pueda darse.<span class=\"Apple-converted-space\">\u00a0<\/span><\/span><\/p>\n<p class=\"p1\"><span class=\"s1\">P.d. Se anunci\u00f3 que ven\u00eda Norma. Lleg\u00f3 Norma. Se celebr\u00f3 la estancia de Norma. Se trabaj\u00f3 de la mano con Norma. Ni un centavo ha llegado al municipio, producto de tanto traer y llevar a Norma.<span class=\"Apple-converted-space\">\u00a0<\/span><\/span><\/p>\n","protected":false},"excerpt":{"rendered":"","protected":false},"author":1,"featured_media":2920038,"comment_status":"open","ping_status":"closed","sticky":false,"template":"","format":"standard","meta":{"footnotes":""},"categories":[405],"tags":[595],"class_list":["post-2920037","post","type-post","status-publish","format-standard","has-post-thumbnail","hentry","category-sin-categoria-es","tag-destacado"],"_links":{"self":[{"href":"https:\/\/agpnoticias.com\/news\/index.php?rest_route=\/wp\/v2\/posts\/2920037","targetHints":{"allow":["GET"]}}],"collection":[{"href":"https:\/\/agpnoticias.com\/news\/index.php?rest_route=\/wp\/v2\/posts"}],"about":[{"href":"https:\/\/agpnoticias.com\/news\/index.php?rest_route=\/wp\/v2\/types\/post"}],"author":[{"embeddable":true,"href":"https:\/\/agpnoticias.com\/news\/index.php?rest_route=\/wp\/v2\/users\/1"}],"replies":[{"embeddable":true,"href":"https:\/\/agpnoticias.com\/news\/index.php?rest_route=%2Fwp%2Fv2%2Fcomments&post=2920037"}],"version-history":[{"count":1,"href":"https:\/\/agpnoticias.com\/news\/index.php?rest_route=\/wp\/v2\/posts\/2920037\/revisions"}],"predecessor-version":[{"id":2920040,"href":"https:\/\/agpnoticias.com\/news\/index.php?rest_route=\/wp\/v2\/posts\/2920037\/revisions\/2920040"}],"wp:featuredmedia":[{"embeddable":true,"href":"https:\/\/agpnoticias.com\/news\/index.php?rest_route=\/wp\/v2\/media\/2920038"}],"wp:attachment":[{"href":"https:\/\/agpnoticias.com\/news\/index.php?rest_route=%2Fwp%2Fv2%2Fmedia&parent=2920037"}],"wp:term":[{"taxonomy":"category","embeddable":true,"href":"https:\/\/agpnoticias.com\/news\/index.php?rest_route=%2Fwp%2Fv2%2Fcategories&post=2920037"},{"taxonomy":"post_tag","embeddable":true,"href":"https:\/\/agpnoticias.com\/news\/index.php?rest_route=%2Fwp%2Fv2%2Ftags&post=2920037"}],"curies":[{"name":"wp","href":"https:\/\/api.w.org\/{rel}","templated":true}]}}