{"id":2920041,"date":"2021-01-16T09:19:50","date_gmt":"2021-01-16T17:19:50","guid":{"rendered":"https:\/\/agpnoticias.com\/news\/?p=2920041"},"modified":"2021-01-16T09:19:55","modified_gmt":"2021-01-16T17:19:55","slug":"en-el-que-mas-me-he-reflejado-es-cristiano-ronaldo-hugo-sanchez","status":"publish","type":"post","link":"https:\/\/agpnoticias.com\/news\/?p=2920041","title":{"rendered":"\u00abEn el que m\u00e1s me he reflejado es Cristiano Ronaldo\u00bb: Hugo S\u00e1nchez"},"content":{"rendered":"\n<p>Hugo S\u00e1nchez, quien hab\u00eda sido candidato para ser el nuevo entrenador del Cruz Azul, habl\u00f3 sobre el Real Madrid, Cristiano Ronaldo y -una vez m\u00e1s- su deseo de dirigir al cuadro espa\u00f1ol o ser embajador.<\/p>\n<p>El mexicano coment\u00f3 en una entrevista sobre la cantidad de delanteros que han pasado por las filas del Madrid desde que \u00e9l estuvo y confes\u00f3 que ve\u00eda sus cualidades como futbolistas reflejadas en Cristiano Ronaldo.<\/p>\n<p>\u00abEn el que m\u00e1s me he reflejado es Cristiano. <span style=\"font-size: inherit;\">Me hac\u00eda pensar en m\u00ed, por sus remates de primera, por sus movimientos, por su obsesi\u00f3n por el gol, su voracidad, era como yo.<\/span>Si pod\u00eda meter cuatro en lugar de tres, mejor. Me pasaba igual. Si ten\u00eda cinco ocasiones quer\u00eda meter las cinco. Si fallaba una me &#8216;cabreaba&#8217; y me dec\u00eda a mi mismo c\u00f3mo pod\u00eda haber errado eso. Ese d\u00eda me quedaba a entrarme m\u00e1s yo solo y estudiaba los v\u00eddeos para saber por qu\u00e9 la hab\u00eda fallado.<\/p>\n<p>Cristiano era un devorador, un killer\u00bb, expres\u00f3 S\u00e1nchez a AS Espa\u00f1a.<\/p>\n<p><img decoding=\"async\" src=\"https:\/\/imagenes.milenio.com\/aeWdXNvzXxettiT78l5p8oLBL_c=\/0x530\/smart\/https:\/\/www.milenio.com\/uploads\/media\/2018\/07\/10\/portugues-mando-callar-camp-nou_50_0_974_583.jpg\" \/><\/p>\n<p>Asimismo, expres\u00f3 su desaprobaci\u00f3n en la venta del portugu\u00e9s a la Juventus y extern\u00f3 que si se hubiera quedado el club tendr\u00eda m\u00e1s trofeos.<\/p>\n<blockquote>\n<p>\u00ab\u00a1Vaya error dejarle escapar! Me hubiera gustado que se hubiera quedado m\u00e1s tiempo en el Real Madrid y con sus goles el club hubiera conseguido m\u00e1s t\u00edtulos\u00bb, dijo.<\/p>\n<\/blockquote>\n<p>S\u00e1nchez se refiri\u00f3 a la salida de Luka Jovic al Eintracht Frankfurt y dijo que lo que necesita el Madrid es fichar a otro delantero y &#8216;asegura&#8217; que el club ya debe de estar sondeando a un relevo.<\/p>\n<blockquote>\n<p>\u00abEl Real Madrid no se puede permitir el lujo de no tener un delantero importante que pudiera jugar en el caso de una lesi\u00f3n o que le pase algo raro a Benzema, que no queremos por supuesto.<\/p>\n<\/blockquote>\n<p><span style=\"font-family: 'PT Serif', sans-serif; font-size: inherit; font-weight: 400;\">Conociendo al Real Madrid estoy convencido de que est\u00e1n en esa b\u00fasqueda de delanteros. Son muchos partidos y es necesario rotar a los jugadores que juegan continuamente\u00bb.<\/span><\/p>\n<blockquote>\n<p>\u00abFichar\u00eda a Haaland y Mbapp\u00e9\u00bb<\/p>\n<\/blockquote>\n<p>Al estar hablando del momento que atraviesa el ataque del Real Madrid, Hugo S\u00e1nchez habl\u00f3 de la formaci\u00f3n que \u00e9l usar\u00eda si fuera director t\u00e9cnico y a quienes fichar\u00eda. \u00ab(Fichar\u00eda a) Mbapp\u00e9.<\/p>\n<p>Es un jugador que me agrada. Primero porque quiere estar en el Real Madrid y segundo por sus cualidades. Benzema y Mbapp\u00e9 juntos pueden ser\u00bb, se\u00f1al\u00f3.<\/p>\n<p><img decoding=\"async\" src=\"https:\/\/imagenes.milenio.com\/WQ6bGNLpI1ePT25XF9NZ9eJMdqY=\/958x596\/smart\/https:\/\/www.milenio.com\/uploads\/media\/2020\/12\/06\/kylian-mbappe-reuters-16_0_28_1200_747.jpg\" \/><\/p>\n<p>Asimismo, confes\u00f3 la formaci\u00f3n que usar\u00eda y que tambi\u00e9n fichar\u00eda al noruego Erling Braunt Haaland para que pueda hacer equipo con Kylian Mbapp\u00e9.<\/p>\n<p>\u00abFichar\u00eda a los dos. En el 1-4-3-3 que juega ahora el Real Madrid ponemos a Haaland por el medio, como eje y a Benzema y Mbapp\u00e9 en las bandas indistintamente.<\/p>\n<p>Vas a crear una cantidad de ocasiones tremendas. Y teniendo el respaldo de los interiores que tiene el equipo, la llegada de los laterales. Para eso hay que invertir mucho dinero y seguro que el \u2018presi\u2019 Florentino est\u00e1 haciendo toda la planificaci\u00f3n del Madrid del futuro\u00bb, expres\u00f3.\u00a0<\/p>\n","protected":false},"excerpt":{"rendered":"<p>Cristiano era un devorador, un killer\u00bb, expres\u00f3 S\u00e1nchez a AS Espa\u00f1a.<\/p>\n","protected":false},"author":1,"featured_media":2920042,"comment_status":"open","ping_status":"closed","sticky":false,"template":"","format":"standard","meta":{"footnotes":""},"categories":[32],"tags":[595],"class_list":["post-2920041","post","type-post","status-publish","format-standard","has-post-thumbnail","hentry","category-soccer","tag-destacado"],"_links":{"self":[{"href":"https:\/\/agpnoticias.com\/news\/index.php?rest_route=\/wp\/v2\/posts\/2920041","targetHints":{"allow":["GET"]}}],"collection":[{"href":"https:\/\/agpnoticias.com\/news\/index.php?rest_route=\/wp\/v2\/posts"}],"about":[{"href":"https:\/\/agpnoticias.com\/news\/index.php?rest_route=\/wp\/v2\/types\/post"}],"author":[{"embeddable":true,"href":"https:\/\/agpnoticias.com\/news\/index.php?rest_route=\/wp\/v2\/users\/1"}],"replies":[{"embeddable":true,"href":"https:\/\/agpnoticias.com\/news\/index.php?rest_route=%2Fwp%2Fv2%2Fcomments&post=2920041"}],"version-history":[{"count":1,"href":"https:\/\/agpnoticias.com\/news\/index.php?rest_route=\/wp\/v2\/posts\/2920041\/revisions"}],"predecessor-version":[{"id":2920043,"href":"https:\/\/agpnoticias.com\/news\/index.php?rest_route=\/wp\/v2\/posts\/2920041\/revisions\/2920043"}],"wp:featuredmedia":[{"embeddable":true,"href":"https:\/\/agpnoticias.com\/news\/index.php?rest_route=\/wp\/v2\/media\/2920042"}],"wp:attachment":[{"href":"https:\/\/agpnoticias.com\/news\/index.php?rest_route=%2Fwp%2Fv2%2Fmedia&parent=2920041"}],"wp:term":[{"taxonomy":"category","embeddable":true,"href":"https:\/\/agpnoticias.com\/news\/index.php?rest_route=%2Fwp%2Fv2%2Fcategories&post=2920041"},{"taxonomy":"post_tag","embeddable":true,"href":"https:\/\/agpnoticias.com\/news\/index.php?rest_route=%2Fwp%2Fv2%2Ftags&post=2920041"}],"curies":[{"name":"wp","href":"https:\/\/api.w.org\/{rel}","templated":true}]}}