{"id":2920175,"date":"2021-01-20T16:51:42","date_gmt":"2021-01-21T00:51:42","guid":{"rendered":"https:\/\/agpnoticias.com\/news\/?p=2920175"},"modified":"2021-01-20T16:51:45","modified_gmt":"2021-01-21T00:51:45","slug":"america-acusa-a-rayados-de-negligencia-tienen-futbolistas-contagiados-de-covid-19","status":"publish","type":"post","link":"https:\/\/agpnoticias.com\/news\/?p=2920175","title":{"rendered":"Am\u00e9rica acusa a Rayados de negligencia; tienen futbolistas contagiados de Covid-19"},"content":{"rendered":"\n<p>El\u00a0<strong><u>Am\u00e9rica<\/u><\/strong>\u00a0ha emitido un comunicado, responsabilizando al club\u00a0<strong>Monterrey<\/strong>\u00a0de no haber actuado con las debidas precauciones para prevenir los contagios de\u00a0<strong>Covid-19<\/strong>.\u00a0<strong>Las \u00c1guilas<\/strong>\u00a0han reconocido que miembros de su plantel presentan s\u00edntomas de la enfermedad, y han reducido al m\u00ednimo la asistencia de empleados en el club.<\/p>\n<p>En el escrito se\u00f1ala que en\u00a0<strong>Coapa<\/strong>\u00a0se tomaron todas las medidas sanitarias respectivas, lo que en\u00a0<strong>Monterrey<\/strong>\u00a0no sucedi\u00f3, echando en cara que no se inform\u00f3 de los contagios que hubo y quem\u00f3 se actu\u00f3 en consecuencia.<\/p>\n<p><span style=\"font-size: inherit;\">\u00abLuego del desafortunado brote de <\/span><strong style=\"font-size: inherit;\">covid-19<\/strong><span style=\"font-size: inherit;\">\u00a0en jugadores y cuerpo t\u00e9cnico del club de f\u00fatbol\u00a0<\/span><strong style=\"font-size: inherit;\">Monterrey<\/strong><span style=\"font-size: inherit;\">, del cual nosotros y la opini\u00f3n p\u00fablica nos enteramos con posterioridad al juego celebrado el pasado s\u00e1bado informamos:<\/span><\/p>\n<p>Se han presentado algunos s\u00edntomas entre \u00a0jugadores del club que participaron en el juego ante\u00a0<strong>Rayados<\/strong>. El\u00a0<strong>Am\u00e9rica<\/strong>\u00a0ha dado seguimiento a las recomendaciones sanitarias, con una minima cantidad de contagios.<\/p>\n<p>El pasado jueves 14, dos d\u00edas antes del juego contra\u00a0<strong>Rayados<\/strong>, realizamos pruebas internas y todas salieron negativas.\u00a0<strong>Rayados<\/strong>\u00a0puedo tomar las debidas precauciones tiene un positivo un d\u00eda antes del juego de la Jornada 2&#8243;.\u00a0<strong>Am\u00e9rica<\/strong>\u00a0no ha informado si planea solicitar que el juego de la Jornada 3 ante el\u00a0<strong>FC Ju\u00e1rez<\/strong>\u00a0se suspenda.<\/p>\n<p><blockquote class=\"twitter-tweet\" data-width=\"550\" data-dnt=\"true\"><p lang=\"es\" dir=\"ltr\">? Comunicado oficial:<br><br>Club Am\u00e9rica informa que tomar\u00e1 medidas emergentes ante probables contagios por COVID-19.<a href=\"https:\/\/twitter.com\/hashtag\/SOMOSAM%C3%89RICA?src=hash&amp;ref_src=twsrc%5Etfw\">#SOMOSAM\u00c9RICA<\/a> <a href=\"https:\/\/t.co\/NrrEOTAxb2\">pic.twitter.com\/NrrEOTAxb2<\/a><\/p>&mdash; Club Am\u00e9rica (@ClubAmerica) <a href=\"https:\/\/twitter.com\/ClubAmerica\/status\/1351982697841889282?ref_src=twsrc%5Etfw\">January 20, 2021<\/a><\/blockquote><script async src=\"https:\/\/platform.twitter.com\/widgets.js\" charset=\"utf-8\"><\/script><\/p>\n","protected":false},"excerpt":{"rendered":"","protected":false},"author":1,"featured_media":2920176,"comment_status":"open","ping_status":"closed","sticky":false,"template":"","format":"standard","meta":{"footnotes":""},"categories":[405],"tags":[595],"class_list":["post-2920175","post","type-post","status-publish","format-standard","has-post-thumbnail","hentry","category-sin-categoria-es","tag-destacado"],"_links":{"self":[{"href":"https:\/\/agpnoticias.com\/news\/index.php?rest_route=\/wp\/v2\/posts\/2920175","targetHints":{"allow":["GET"]}}],"collection":[{"href":"https:\/\/agpnoticias.com\/news\/index.php?rest_route=\/wp\/v2\/posts"}],"about":[{"href":"https:\/\/agpnoticias.com\/news\/index.php?rest_route=\/wp\/v2\/types\/post"}],"author":[{"embeddable":true,"href":"https:\/\/agpnoticias.com\/news\/index.php?rest_route=\/wp\/v2\/users\/1"}],"replies":[{"embeddable":true,"href":"https:\/\/agpnoticias.com\/news\/index.php?rest_route=%2Fwp%2Fv2%2Fcomments&post=2920175"}],"version-history":[{"count":1,"href":"https:\/\/agpnoticias.com\/news\/index.php?rest_route=\/wp\/v2\/posts\/2920175\/revisions"}],"predecessor-version":[{"id":2920177,"href":"https:\/\/agpnoticias.com\/news\/index.php?rest_route=\/wp\/v2\/posts\/2920175\/revisions\/2920177"}],"wp:featuredmedia":[{"embeddable":true,"href":"https:\/\/agpnoticias.com\/news\/index.php?rest_route=\/wp\/v2\/media\/2920176"}],"wp:attachment":[{"href":"https:\/\/agpnoticias.com\/news\/index.php?rest_route=%2Fwp%2Fv2%2Fmedia&parent=2920175"}],"wp:term":[{"taxonomy":"category","embeddable":true,"href":"https:\/\/agpnoticias.com\/news\/index.php?rest_route=%2Fwp%2Fv2%2Fcategories&post=2920175"},{"taxonomy":"post_tag","embeddable":true,"href":"https:\/\/agpnoticias.com\/news\/index.php?rest_route=%2Fwp%2Fv2%2Ftags&post=2920175"}],"curies":[{"name":"wp","href":"https:\/\/api.w.org\/{rel}","templated":true}]}}