{"id":2920181,"date":"2021-01-20T17:10:38","date_gmt":"2021-01-21T01:10:38","guid":{"rendered":"https:\/\/agpnoticias.com\/news\/?p=2920181"},"modified":"2021-01-20T17:10:47","modified_gmt":"2021-01-21T01:10:47","slug":"joe-biden-firma-decretos-sobre-daca-el-muro-fronterizo-y-el-veto-migratorio","status":"publish","type":"post","link":"https:\/\/agpnoticias.com\/news\/?p=2920181","title":{"rendered":"Joe Biden firma decretos sobre DACA, el muro fronterizo y el veto migratorio"},"content":{"rendered":"\n<p>El\u00a0<strong>presidente estadounidense<\/strong>,\u00a0<strong>Joe Biden<\/strong>,\u00a0<strong>firm\u00f3<\/strong>\u00a0este mi\u00e9rcoles 20 de enero\u00a0<strong>decretos<\/strong>\u00a0para proteger el\u00a0<strong>programa DACA<\/strong>\u00a0contra la deportaci\u00f3n de los \u201c<strong>so\u00f1adores<\/strong>\u201c, para detener la construcci\u00f3n del\u00a0<strong>muro con M\u00e9xico<\/strong>\u00a0y para anular el\u00a0<strong>veto migratorio<\/strong>\u00a0que impide la entrada en EEUU a los ciudadanos de 11 pa\u00edses.<\/p>\n<p>En su primer acto en el\u00a0<strong>Despacho Oval<\/strong>,\u00a0<strong>Biden<\/strong>\u00a0firm\u00f3 17 decretos y proclamaciones destinadas a deshacer muchas de las medidas que tom\u00f3 su predecesor,\u00a0<strong>Donald Trump<\/strong>, varias de ellas relacionadas con la\u00a0<strong>inmigraci\u00f3n<\/strong>.<\/p>\n<p>Una de ellas pide a los Departamentos de Justicia y Seguridad Nacional tomar \u201ctodas las medidas necesarias\u201d para salvaguardar el programa\u00a0<strong>DACA<\/strong>, instaurado en 2012 y que protege de la deportaci\u00f3n a casi 650 mil indocumentados que llegaron a\u00a0<strong>Estados Unidos<\/strong>\u00a0cuando eran ni\u00f1os, conocidos como \u201c<strong>so\u00f1adores<\/strong>\u201c.<\/p>\n<p><strong>Trump<\/strong>\u00a0orden\u00f3 acabar con ese programa en 2017, pero los tribunales le impidieron hacerlo, aunque todav\u00eda hay un litigio activo sobre el tema ante un tribunal federal en Texas, estado que junto a otros ocho territorios del pa\u00eds pidieron declarar inconstitucional el\u00a0<strong>programa<\/strong>.<\/p>\n<p><strong>Biden<\/strong>\u00a0tambi\u00e9n pidi\u00f3 que el\u00a0<strong>Congreso<\/strong>\u00a0act\u00fae para proteger a los \u201c<strong>so\u00f1adores<\/strong>\u201c, y su nueva propuesta de\u00a0<strong>reforma migratoria<\/strong>\u00a0pide otorgarles directamente la residencia permanente a ellos y a los beneficiarios del Estatuto de Protecci\u00f3n Temporal (TPS, en ingl\u00e9s).<\/p>\n<p>En un segundo decreto,\u00a0<strong>Biden<\/strong>\u00a0orden\u00f3 acabar con la emergencia nacional decretada por su predecesor, Donald Trump, para desviar fondos hacia la construcci\u00f3n del\u00a0<strong>muro en la frontera con M\u00e9xico<\/strong>.<\/p>\n<p>Eso permitir\u00e1 al nuevo mandatario cumplir su promesa de frenar el proyecto estrella de\u00a0<strong>Trump<\/strong>\u00a0en la frontera, aunque\u00a0<strong>Biden<\/strong>\u00a0no planea derribar la parte de barrera ya construida por el pol\u00edtico republicano, que se extiende a lo largo de 727 kil\u00f3metros de la zona lim\u00edtrofe.<\/p>\n<p>La Oficina de Aduanas y Protecci\u00f3n Fronteriza (CBP, en ingl\u00e9s) dijo este mes que tiene fondos para completar otros 480 kil\u00f3metros de muro y que planeaba adjudicar contratos para hacerlo antes de que\u00a0<strong>Biden<\/strong>\u00a0llegara al poder.<\/p>\n<p>Eso promete complicar los esfuerzos del\u00a0<strong>presidente electo<\/strong>\u00a0para frenar el proyecto, y es posible que solo pueda hacerlo una vez que se agoten los fondos ya comprometidos para ello.<\/p>\n<p>Un tercer decreto anul\u00f3 el\u00a0<strong>veto migratorio<\/strong>\u00a0que impuso\u00a0<strong>Trump<\/strong>\u00a0hace cuatro a\u00f1os a los viajeros procedentes de 11 pa\u00edses de mayor\u00eda musulmana, conocido popularmente como el \u201cveto a los musulmanes\u201d.<\/p>\n<p>Ese veto obstaculizaba hasta ahora la entrada a EEUU de los nacionales de 11 pa\u00edses con una significativa poblaci\u00f3n musulmana (Eritrea, Ir\u00e1n, Kirguist\u00e1n, Libia, Birmania, Nigeria, Somalia, Sud\u00e1n, Siria, Tanzania y Yemen), e incluye restricciones para algunos funcionarios de Venezuela y Corea del Norte.<\/p>\n<p><strong>Biden<\/strong>\u00a0tambi\u00e9n instruy\u00f3 al Departamento de Estado a reanudar las solicitudes de visado para esos pa\u00edses, seg\u00fan su equipo.<\/p>\n<p>Adem\u00e1s,\u00a0<strong>Biden<\/strong>\u00a0orden\u00f3 volver a contar a los\u00a0<strong>inmigrantes<\/strong>\u00a0indocumentados en el censo de poblaci\u00f3n que se lleva a cabo cada diez a\u00f1os, y revisar los mecanismos de la Oficina de Inmigraci\u00f3n y Aduanas de\u00a0<strong>EEUU<\/strong>\u00a0(ICE, en ingl\u00e9s) a la hora de arrestar a indocumentados, que se recrudecieron durante el mandato de\u00a0<strong>Trump<\/strong><\/p>\n","protected":false},"excerpt":{"rendered":"","protected":false},"author":1,"featured_media":2920182,"comment_status":"open","ping_status":"closed","sticky":false,"template":"","format":"standard","meta":{"footnotes":""},"categories":[1],"tags":[],"class_list":["post-2920181","post","type-post","status-publish","format-standard","has-post-thumbnail","hentry","category-uncategorized"],"_links":{"self":[{"href":"https:\/\/agpnoticias.com\/news\/index.php?rest_route=\/wp\/v2\/posts\/2920181","targetHints":{"allow":["GET"]}}],"collection":[{"href":"https:\/\/agpnoticias.com\/news\/index.php?rest_route=\/wp\/v2\/posts"}],"about":[{"href":"https:\/\/agpnoticias.com\/news\/index.php?rest_route=\/wp\/v2\/types\/post"}],"author":[{"embeddable":true,"href":"https:\/\/agpnoticias.com\/news\/index.php?rest_route=\/wp\/v2\/users\/1"}],"replies":[{"embeddable":true,"href":"https:\/\/agpnoticias.com\/news\/index.php?rest_route=%2Fwp%2Fv2%2Fcomments&post=2920181"}],"version-history":[{"count":1,"href":"https:\/\/agpnoticias.com\/news\/index.php?rest_route=\/wp\/v2\/posts\/2920181\/revisions"}],"predecessor-version":[{"id":2920183,"href":"https:\/\/agpnoticias.com\/news\/index.php?rest_route=\/wp\/v2\/posts\/2920181\/revisions\/2920183"}],"wp:featuredmedia":[{"embeddable":true,"href":"https:\/\/agpnoticias.com\/news\/index.php?rest_route=\/wp\/v2\/media\/2920182"}],"wp:attachment":[{"href":"https:\/\/agpnoticias.com\/news\/index.php?rest_route=%2Fwp%2Fv2%2Fmedia&parent=2920181"}],"wp:term":[{"taxonomy":"category","embeddable":true,"href":"https:\/\/agpnoticias.com\/news\/index.php?rest_route=%2Fwp%2Fv2%2Fcategories&post=2920181"},{"taxonomy":"post_tag","embeddable":true,"href":"https:\/\/agpnoticias.com\/news\/index.php?rest_route=%2Fwp%2Fv2%2Ftags&post=2920181"}],"curies":[{"name":"wp","href":"https:\/\/api.w.org\/{rel}","templated":true}]}}