{"id":2920184,"date":"2021-01-20T19:45:13","date_gmt":"2021-01-21T03:45:13","guid":{"rendered":"https:\/\/agpnoticias.com\/news\/?p=2920184"},"modified":"2021-01-20T20:09:35","modified_gmt":"2021-01-21T04:09:35","slug":"campeon-ensenadense-tanque-navarrete-cambia-de-division","status":"publish","type":"post","link":"https:\/\/agpnoticias.com\/news\/?p=2920184","title":{"rendered":"Campe\u00f3n ensenadense \u00abTanque\u00bb Navarrete cambia de divisi\u00f3n"},"content":{"rendered":"\n<p>Tijuana, Baja California.- El monarca peso completo de Ultimate Warrior Challenge M\u00e9xico (UWC), Jes\u00fas \u201cTanque\u201d Navarrete, tendr\u00e1 su debut en la divisi\u00f3n de las 205 libras en la pr\u00f3xima funci\u00f3n el viernes 26 de febrero.<\/p>\n<p>Ser\u00e1 la primera ocasi\u00f3n en su joven carrera que el integrante de Entram Gym ingrese a un<br \/>combate como Semicompleto tras ser uno de los mejor clasificado peso Completo en M\u00e9xico,<br \/>adem\u00e1s de estar invicto.<\/p>\n<p>\u201cNavarrete ha estado entrenando mucho, incluso en su m\u00e1s reciente pelea con nosotros lo<br \/>vimos mucho m\u00e1s ligero que en ocasiones anteriores, por ello es que solicit\u00f3 la oportunidad de<br \/>pelear en otra divisi\u00f3n.<\/p>\n<p>\u201cIncluso se puede decir que durante todo el 2020 ha estado en campamento, porque pele\u00f3<br \/>en tres ocasiones y cada vez estaba con menor peso, eso es por el trabajo que lleva en Entram Gy y con Andy Caballero\u201d, subray\u00f3 Alejandro Islas.<\/p>\n<p>El presidente de UWVC explic\u00f3 que esta pelea de Navarrete no indica que el Campe\u00f3n<br \/>dejar\u00e1 su cintur\u00f3n, sino que desea hacer la prueba en las 205 libras, donde no hay monarca desde el retiro de David \u201cChango\u201d Mariscal (11-1-1).<\/p>\n<p>El peleador de Maneadero, Baja California, captur\u00f3 el faj\u00edn en el evento \u201cUWC: Bloody<br \/>Valentine, part deux\u201d, al superar a Antonio \u201cNinja\u201d Malac\u00f3n en 1:40 minutos, esto el 29 de<br \/>febrero del 2020 en el Auditorio Municipal de Tijuana.<\/p>\n<p>Adem\u00e1s defendi\u00f3 en dos ocasiones la presea de Artes Marciales Mixtas (AMM), primero<br \/>contra Eliezer \u201cHecho en M\u00e9xico\u201d Ortega (4-1-0), el 3 de julio y luego el 13 de noviembre dio<br \/>cuenta de Enrique \u201cBomb\u00f3n\u201d Lara (4-4-0).<\/p>\n<p>A punto de cumplir 24 a\u00f1os (esto el 28 de enero), Navarrete ser\u00e1 la co-estelar de la funci\u00f3n<br \/>que marcar\u00e1 el duod\u00e9cimo aniversario de la empresa m\u00e1s longeva de AMM en M\u00e9xico, adem\u00e1s de ser el evento n\u00famero 25 en su historial.<\/p>\n<p>El combate de Navarrete, al no ser por t\u00edtulo, ser\u00e1 a tres rounds de cinco minutos cada uno,<br \/>acorde al reglamento vigente de la Comisi\u00f3n de Box, Lucha Libre y AMM de Tijuana, quienes<br \/>sancionar\u00e1n la funci\u00f3n.<\/p>\n<p>La pelea estelar de UWC 25 ser\u00e1 por el Campeonato Gallo cuando Cristian \u201cProblema\u201d<br \/>Qui\u00f1\u00f3nez (14-3-0), de Tlaltenango de S\u00e1nchez Rom\u00e1n, Zacatecas, enfrente a Adonilton \u201cDony Terrier\u201d<br \/>Matos (20-7-0), de Serrinha, Bahia, Brasil.<\/p>\n<p>Un total de 14 combates se tienen contemplados para el evento del 26 de febrero, mismo<br \/>que se llevar\u00e1 a cabo en las instalaciones de Entram Gym, en Tijuana, Baja California, a \u201cpuerta cerrada\u201d debido a la pandemia Covid 19.<\/p>\n","protected":false},"excerpt":{"rendered":"","protected":false},"author":1,"featured_media":2920185,"comment_status":"open","ping_status":"closed","sticky":false,"template":"","format":"standard","meta":{"footnotes":""},"categories":[36],"tags":[595],"class_list":["post-2920184","post","type-post","status-publish","format-standard","has-post-thumbnail","hentry","category-boxeo","tag-destacado"],"_links":{"self":[{"href":"https:\/\/agpnoticias.com\/news\/index.php?rest_route=\/wp\/v2\/posts\/2920184","targetHints":{"allow":["GET"]}}],"collection":[{"href":"https:\/\/agpnoticias.com\/news\/index.php?rest_route=\/wp\/v2\/posts"}],"about":[{"href":"https:\/\/agpnoticias.com\/news\/index.php?rest_route=\/wp\/v2\/types\/post"}],"author":[{"embeddable":true,"href":"https:\/\/agpnoticias.com\/news\/index.php?rest_route=\/wp\/v2\/users\/1"}],"replies":[{"embeddable":true,"href":"https:\/\/agpnoticias.com\/news\/index.php?rest_route=%2Fwp%2Fv2%2Fcomments&post=2920184"}],"version-history":[{"count":2,"href":"https:\/\/agpnoticias.com\/news\/index.php?rest_route=\/wp\/v2\/posts\/2920184\/revisions"}],"predecessor-version":[{"id":2920188,"href":"https:\/\/agpnoticias.com\/news\/index.php?rest_route=\/wp\/v2\/posts\/2920184\/revisions\/2920188"}],"wp:featuredmedia":[{"embeddable":true,"href":"https:\/\/agpnoticias.com\/news\/index.php?rest_route=\/wp\/v2\/media\/2920185"}],"wp:attachment":[{"href":"https:\/\/agpnoticias.com\/news\/index.php?rest_route=%2Fwp%2Fv2%2Fmedia&parent=2920184"}],"wp:term":[{"taxonomy":"category","embeddable":true,"href":"https:\/\/agpnoticias.com\/news\/index.php?rest_route=%2Fwp%2Fv2%2Fcategories&post=2920184"},{"taxonomy":"post_tag","embeddable":true,"href":"https:\/\/agpnoticias.com\/news\/index.php?rest_route=%2Fwp%2Fv2%2Ftags&post=2920184"}],"curies":[{"name":"wp","href":"https:\/\/api.w.org\/{rel}","templated":true}]}}