{"id":2920189,"date":"2021-01-21T09:56:31","date_gmt":"2021-01-21T17:56:31","guid":{"rendered":"https:\/\/agpnoticias.com\/news\/?p=2920189"},"modified":"2021-01-21T09:56:36","modified_gmt":"2021-01-21T17:56:36","slug":"sin-plan-b-para-los-juegos-olimpicos-en-tokio","status":"publish","type":"post","link":"https:\/\/agpnoticias.com\/news\/?p=2920189","title":{"rendered":"Sin plan B para los Juegos Ol\u00edmpicos en Tokio"},"content":{"rendered":"\n<p><span class=\"capital-letter\">L<\/span>a incertidumbre que impera alrededor de la realizaci\u00f3n de los aplazados\u00a0<strong>Juegos Ol\u00edmpicos Tokyo 2020<\/strong>, debido a una\u00a0<strong>segunda ola de contagios en Jap\u00f3n<\/strong>\u00a0y diferentes partes del mundo por la pandemia del coronavirus, parece tomar un nuevo giro en voz del presidente del Comit\u00e9 Ol\u00edmpico Internacional.<\/p>\n<p><strong>\u00abNo hay un plan B\u00bb<\/strong>, asegur\u00f3 Thomas Bach, m\u00e1ximo dirigente del COI, en entrevista\u00a0<em>para Kyodo News.<\/em><\/p>\n<div class=\"trv-player-container\">\n<div id=\"br_video_player_1719b\" class=\"trvd_video_player\">\n<div class=\"media-player\">\n<div class=\"trv-video\">\n<div id=\"truvid_ima_container82074\" class=\"truvid_ima_container\">\u00a0<\/div>\n<\/div>\n<\/div>\n<\/div>\n<\/div>\n<aside class=\"summary-item\">\n<aside class=\"citas\">\n<p class=\"cite-author\"><span style=\"font-size: inherit;\">\u00abEn este momento, no tenemos ninguna raz\u00f3n para creer que los Juegos Ol\u00edmpicos Tokyo 2020 no ser\u00e1 inaugurados el 23 de julio en el estadio ol\u00edmpico de Tokio.<\/span><\/p>\n<\/aside>\n<\/aside>\n<aside class=\"summary-item\">\n<aside class=\"citas\">\n<p class=\"cite-author\"><span style=\"font-size: inherit;\">Es por eso que no hay un plan B y es por eso que estamos totalmente comprometidos a hacer que estos juegos sean seguros y exitosos\u00bb, agreg\u00f3 Bach, a dos d\u00edas de que la cuenta regresiva entre a los seis meses para el arranque de la justa ol\u00edmpica.<\/span><\/p>\n<\/aside>\n<\/aside>\n<p>Bach, expres\u00f3 su confianza sobre la evoluci\u00f3n de las vacunas y las medidas que se aplican preventivas para sopesar los contagios por la Covid-19, dejando a un lado las especulaciones que se\u00f1alan que el destino de los Juegos podr\u00eda conocerse en los pr\u00f3ximos dos meses.<\/p>\n<aside class=\"summary-item\">\n<aside class=\"citas\">\n<p class=\"cite-author\"><span style=\"font-size: inherit;\">\u00abEn primer lugar, d\u00e9jeme aclarar que no se puede comparar marzo de 2021 con marzo de 2020 porque hay un gran progreso en ciencia, medicina, <\/span><strong style=\"font-size: inherit;\">vacunaci\u00f3n<\/strong><span style=\"font-size: inherit;\">\u00a0y pruebas (de virus)\u00bb, dijo. \u00ab<\/span><strong style=\"font-size: inherit;\">Todo esto no estaba disponible en marzo del a\u00f1o pasado<\/strong><span style=\"font-size: inherit;\">. Nadie sab\u00eda todav\u00eda c\u00f3mo lidiar realmente con la pandemia, y ahora sabemos mucho m\u00e1s\u00bb.<\/span><\/p>\n<\/aside>\n<\/aside>\n<p>A pesar de esto, el dirigente mencion\u00f3 que se puede ser \u00abflexible\u00bb respecto a la posibilidad de reducir la cantidad de espectadores para intensificar el protocolo de posibles contagios de las personas involucradas en la competencia.<\/p>\n<p>\u00abPuede que no guste, pero se necesitar\u00e1n sacrificios. Por eso digo,\u00a0<strong>la seguridad es lo primero<\/strong>, y no hay tab\u00fa en la discusi\u00f3n para garantizar la seguridad\u00bb, agreg\u00f3.<\/p>\n<p>Adem\u00e1s de ahondar en la pr\u00f3xima cita veraniega, Thomas Bach tambi\u00e9n asegur\u00f3 en la misma entrevista que los\u00a0<strong>Juegos Ol\u00edmpicos de Invierno de Beijing<\/strong>\u00a0se llevar\u00e1n a cabo en 2022 como estaba planeado.<\/p>\n\n\n\n\n","protected":false},"excerpt":{"rendered":"","protected":false},"author":1,"featured_media":2918691,"comment_status":"open","ping_status":"closed","sticky":false,"template":"","format":"standard","meta":{"footnotes":""},"categories":[1060],"tags":[595],"class_list":["post-2920189","post","type-post","status-publish","format-standard","has-post-thumbnail","hentry","category-juegos-olimpicos","tag-destacado"],"_links":{"self":[{"href":"https:\/\/agpnoticias.com\/news\/index.php?rest_route=\/wp\/v2\/posts\/2920189","targetHints":{"allow":["GET"]}}],"collection":[{"href":"https:\/\/agpnoticias.com\/news\/index.php?rest_route=\/wp\/v2\/posts"}],"about":[{"href":"https:\/\/agpnoticias.com\/news\/index.php?rest_route=\/wp\/v2\/types\/post"}],"author":[{"embeddable":true,"href":"https:\/\/agpnoticias.com\/news\/index.php?rest_route=\/wp\/v2\/users\/1"}],"replies":[{"embeddable":true,"href":"https:\/\/agpnoticias.com\/news\/index.php?rest_route=%2Fwp%2Fv2%2Fcomments&post=2920189"}],"version-history":[{"count":1,"href":"https:\/\/agpnoticias.com\/news\/index.php?rest_route=\/wp\/v2\/posts\/2920189\/revisions"}],"predecessor-version":[{"id":2920190,"href":"https:\/\/agpnoticias.com\/news\/index.php?rest_route=\/wp\/v2\/posts\/2920189\/revisions\/2920190"}],"wp:featuredmedia":[{"embeddable":true,"href":"https:\/\/agpnoticias.com\/news\/index.php?rest_route=\/wp\/v2\/media\/2918691"}],"wp:attachment":[{"href":"https:\/\/agpnoticias.com\/news\/index.php?rest_route=%2Fwp%2Fv2%2Fmedia&parent=2920189"}],"wp:term":[{"taxonomy":"category","embeddable":true,"href":"https:\/\/agpnoticias.com\/news\/index.php?rest_route=%2Fwp%2Fv2%2Fcategories&post=2920189"},{"taxonomy":"post_tag","embeddable":true,"href":"https:\/\/agpnoticias.com\/news\/index.php?rest_route=%2Fwp%2Fv2%2Ftags&post=2920189"}],"curies":[{"name":"wp","href":"https:\/\/api.w.org\/{rel}","templated":true}]}}