{"id":2920233,"date":"2021-01-23T10:44:08","date_gmt":"2021-01-23T18:44:08","guid":{"rendered":"https:\/\/agpnoticias.com\/news\/?p=2920233"},"modified":"2021-01-23T10:44:11","modified_gmt":"2021-01-23T18:44:11","slug":"fallece-luchador-mexicano-anibal-jr-por-covid-19","status":"publish","type":"post","link":"https:\/\/agpnoticias.com\/news\/?p=2920233","title":{"rendered":"Fallece luchador mexicano,  An\u00edbal Jr, por Covid-19"},"content":{"rendered":"\n<p>La lucha libre mexicana est\u00e1 de luto. Durante las primeras horas del 23 de enero se confirm\u00f3 la muerte de\u00a0<strong>An\u00edbal Jr<\/strong>, quien se contagi\u00f3 de COVID-19 y llevaba aproximadamente 10 d\u00edas hospitalizado debido a los s\u00edntomas que present\u00f3.<\/p>\n<p>Uno de los encargados de dar el anuncio fue el periodista\u00a0<a href=\"https:\/\/twitter.com\/RJ_Figueroa\/status\/1352897704687525888?s=20\" target=\"_blank\" rel=\"noopener\">Roberto Figueroa<\/a>, quien se especializa en esta disciplina. Despu\u00e9s, el r\u00e9feri\u00a0<strong>Baby Richard<\/strong>\u00a0confirm\u00f3 la noticia en su cuenta de Facebook.<\/p>\n<div id=\"attachment_1283703\" class=\"wp-caption aligncenter\"><img fetchpriority=\"high\" decoding=\"async\" class=\"wp-image-1283703 size-full jetpack-lazy-image jetpack-lazy-image--handled\" src=\"https:\/\/i1.wp.com\/www.sopitas.com\/wp-content\/uploads\/2021\/01\/luchador-anibal-jr-covid-19.jpg\" sizes=\"(max-width: 688px) 100vw, 688px\" srcset=\"https:\/\/i1.wp.com\/www.sopitas.com\/wp-content\/uploads\/2021\/01\/luchador-anibal-jr-covid-19.jpg 688w, https:\/\/i1.wp.com\/www.sopitas.com\/wp-content\/uploads\/2021\/01\/luchador-anibal-jr-covid-19-460x642.jpg 460w\" alt=\"El luchador An\u00edbal Jr. perdi\u00f3 la batalla contra el COVID-19\" width=\"688\" height=\"960\" aria-describedby=\"caption-attachment-1283703\" data-lazy-loaded=\"1\" \/>\n<p id=\"caption-attachment-1283703\" class=\"wp-caption-text\">Foto: Facebook (An\u00edbal Jr La Zaeta Azul Carrillo)<\/p>\n<\/div>\n<p><strong>Una de las \u00faltimas apariciones p\u00fablicas del luchador fue el 6 de enero<\/strong>, cuando encabez\u00f3 una caravana para llevar regalos a Cuautitl\u00e1n, Estado de M\u00e9xico. Incluso mostr\u00f3 en sus\u00a0<a href=\"https:\/\/www.facebook.com\/anibal.lazaetaazul\/posts\/2972730546283123\" target=\"_blank\" rel=\"noopener\">redes sociales<\/a>\u00a0que su auto estaba lleno de juguetes para hacer felices a los ni\u00f1os.<\/p>\n<p>D\u00edas despu\u00e9s, exactamente el 12 de enero,\u00a0<strong>An\u00edbal Jr<\/strong>\u00a0public\u00f3 un nuevo mensaje en su p\u00e1gina de Facebook, en el que agradeci\u00f3 el apoyo de sus seguidores e inform\u00f3 que ingresar\u00eda a un hospital para ser tratado por coronavirus.<\/p>\n<p><a href=\"https:\/\/agpnoticias.com\/news\/fallece-luchador-mexicano-anibal-jr-por-covid-19\/luchador-2\/\" rel=\"attachment wp-att-2920234\"><img decoding=\"async\" class=\"aligncenter size-full wp-image-2920234\" src=\"https:\/\/agpnoticias.com\/news\/wp-content\/uploads\/2021\/01\/luchador.jpg\" alt=\"\" width=\"499\" height=\"437\" \/><\/a><\/p>\n","protected":false},"excerpt":{"rendered":"","protected":false},"author":1,"featured_media":2920235,"comment_status":"open","ping_status":"closed","sticky":false,"template":"","format":"standard","meta":{"footnotes":""},"categories":[36],"tags":[595],"class_list":["post-2920233","post","type-post","status-publish","format-standard","has-post-thumbnail","hentry","category-boxeo","tag-destacado"],"_links":{"self":[{"href":"https:\/\/agpnoticias.com\/news\/index.php?rest_route=\/wp\/v2\/posts\/2920233","targetHints":{"allow":["GET"]}}],"collection":[{"href":"https:\/\/agpnoticias.com\/news\/index.php?rest_route=\/wp\/v2\/posts"}],"about":[{"href":"https:\/\/agpnoticias.com\/news\/index.php?rest_route=\/wp\/v2\/types\/post"}],"author":[{"embeddable":true,"href":"https:\/\/agpnoticias.com\/news\/index.php?rest_route=\/wp\/v2\/users\/1"}],"replies":[{"embeddable":true,"href":"https:\/\/agpnoticias.com\/news\/index.php?rest_route=%2Fwp%2Fv2%2Fcomments&post=2920233"}],"version-history":[{"count":2,"href":"https:\/\/agpnoticias.com\/news\/index.php?rest_route=\/wp\/v2\/posts\/2920233\/revisions"}],"predecessor-version":[{"id":2920237,"href":"https:\/\/agpnoticias.com\/news\/index.php?rest_route=\/wp\/v2\/posts\/2920233\/revisions\/2920237"}],"wp:featuredmedia":[{"embeddable":true,"href":"https:\/\/agpnoticias.com\/news\/index.php?rest_route=\/wp\/v2\/media\/2920235"}],"wp:attachment":[{"href":"https:\/\/agpnoticias.com\/news\/index.php?rest_route=%2Fwp%2Fv2%2Fmedia&parent=2920233"}],"wp:term":[{"taxonomy":"category","embeddable":true,"href":"https:\/\/agpnoticias.com\/news\/index.php?rest_route=%2Fwp%2Fv2%2Fcategories&post=2920233"},{"taxonomy":"post_tag","embeddable":true,"href":"https:\/\/agpnoticias.com\/news\/index.php?rest_route=%2Fwp%2Fv2%2Ftags&post=2920233"}],"curies":[{"name":"wp","href":"https:\/\/api.w.org\/{rel}","templated":true}]}}