{"id":2920991,"date":"2021-02-25T19:23:20","date_gmt":"2021-02-26T03:23:20","guid":{"rendered":"https:\/\/agpnoticias.com\/news\/?p=2920991"},"modified":"2021-02-25T19:28:30","modified_gmt":"2021-02-26T03:28:30","slug":"2920991-2","status":"publish","type":"post","link":"https:\/\/agpnoticias.com\/news\/?p=2920991","title":{"rendered":"Flamengo se titula campe\u00f3n del Brasileirao"},"content":{"rendered":"\n<p><strong>Flamengo renov\u00f3 este jueves el t\u00edtulo brasile\u00f1o<\/strong>\u00a0en una \u00faltima jornada de v\u00e9rtigo en la que perdi\u00f3 por 2-1 frente al Sao Paulo y cont\u00f3 con la impotencia del<strong>\u00a0Inter, que empat\u00f3 con Corinthians\u00a0<\/strong>(0-0) cuando un triunfo le hubiera dado el campeonato.<br \/><br \/>Si el Internacional hubiera ganado en\u00a0 Porto Alegre la historia habr\u00eda sido diferente, pero su incapacidad para romper el cerrojo defensivo del Corinthians,\u00a0<strong>acab\u00f3 d\u00e1ndole el t\u00edtulo al Flamengo, que lleg\u00f3 a la \u00faltima jornada con dos puntos de ventaja.<\/strong><br \/><br \/>El Flamengo no fue la apisonadora de la pasada temporada, en la que gan\u00f3 el campeonato nacional y la Copa Libertadores, pero igual\u00a0<strong>se mantuvo como el mejor equipo de Brasil tras la marcha del t\u00e9cnico portugu\u00e9s Jorge Jes\u00fas<\/strong>,\u00a0<strong>una breve fase bajo las riendas del espa\u00f1ol Domenec Torrent y finalmente dirigido por Rog\u00e9rio Ceni.<\/strong><\/p>\n<p>En Porto Alegre, el Internacional recibi\u00f3 al Corinthians con la obligaci\u00f3n de ganar y esperar un empate o derrota del Flamengo, pero el equipo colorado no pudo y\u00a0<strong>sufri\u00f3 a mares con el VAR, que le anul\u00f3 un penal y dos goles, ambos por posici\u00f3n adelantada.<\/strong><br \/><br \/>El equipo colorado se qued\u00f3 con un digno segundo lugar, pero con la sensaci\u00f3n amarga de haber dejado escapar<strong>\u00a0el campeonato que no se le da desde hace 42 a\u00f1os con el empate frente al Corinthians.<br \/><\/strong><br \/>El\u00a0<strong>Flamengo como campe\u00f3n, el Inter, el Atl\u00e9tico Mineiro y el Sao Paulo<\/strong>, que quedaron en ese orden en la clasificaci\u00f3n, obtuvieron una plaza en la fase de grupos de la Libertadores.<br \/><br \/><strong>Fluminense, Gremio y Santos<\/strong>\u00a0disputar\u00e1n la primera fase del torneo regional, al que se sumar\u00e1 el Palmeiras como campe\u00f3n de la \u00faltima edici\u00f3n.<\/p>\n<p>Una de las piezas claves en este nuevo t\u00edtulo fue el lateral chileno,\u00a0<strong>Mauricio Isla<\/strong>, quien disput\u00f3 29 partidos, marcando dos goles y entregando cinco asistencias.<\/p>\n<p>Con este nuevo t\u00edtulo, Isla se suma a Claudio Maldonado, El\u00edas Figueroa, Gonzalo Fierro, Jorge Valdivia, Fernando Astengo, Roberto Rojas, Alejandro Escalona, Nelson Tapia y Jean Beausejour, como los nacionales que han levantado copas en tierras brasile\u00f1as,\u00a0<strong>transform\u00e1ndose adem\u00e1s en uno de los jugadores que m\u00e1s veces ha gritado campe\u00f3n de la Generaci\u00f3n Dorada.<\/strong><\/p>\n<p>\u00a0<\/p>\n","protected":false},"excerpt":{"rendered":"","protected":false},"author":1,"featured_media":2920992,"comment_status":"open","ping_status":"closed","sticky":false,"template":"","format":"standard","meta":{"footnotes":""},"categories":[32],"tags":[595],"class_list":["post-2920991","post","type-post","status-publish","format-standard","has-post-thumbnail","hentry","category-soccer","tag-destacado"],"_links":{"self":[{"href":"https:\/\/agpnoticias.com\/news\/index.php?rest_route=\/wp\/v2\/posts\/2920991","targetHints":{"allow":["GET"]}}],"collection":[{"href":"https:\/\/agpnoticias.com\/news\/index.php?rest_route=\/wp\/v2\/posts"}],"about":[{"href":"https:\/\/agpnoticias.com\/news\/index.php?rest_route=\/wp\/v2\/types\/post"}],"author":[{"embeddable":true,"href":"https:\/\/agpnoticias.com\/news\/index.php?rest_route=\/wp\/v2\/users\/1"}],"replies":[{"embeddable":true,"href":"https:\/\/agpnoticias.com\/news\/index.php?rest_route=%2Fwp%2Fv2%2Fcomments&post=2920991"}],"version-history":[{"count":2,"href":"https:\/\/agpnoticias.com\/news\/index.php?rest_route=\/wp\/v2\/posts\/2920991\/revisions"}],"predecessor-version":[{"id":2920995,"href":"https:\/\/agpnoticias.com\/news\/index.php?rest_route=\/wp\/v2\/posts\/2920991\/revisions\/2920995"}],"wp:featuredmedia":[{"embeddable":true,"href":"https:\/\/agpnoticias.com\/news\/index.php?rest_route=\/wp\/v2\/media\/2920992"}],"wp:attachment":[{"href":"https:\/\/agpnoticias.com\/news\/index.php?rest_route=%2Fwp%2Fv2%2Fmedia&parent=2920991"}],"wp:term":[{"taxonomy":"category","embeddable":true,"href":"https:\/\/agpnoticias.com\/news\/index.php?rest_route=%2Fwp%2Fv2%2Fcategories&post=2920991"},{"taxonomy":"post_tag","embeddable":true,"href":"https:\/\/agpnoticias.com\/news\/index.php?rest_route=%2Fwp%2Fv2%2Ftags&post=2920991"}],"curies":[{"name":"wp","href":"https:\/\/api.w.org\/{rel}","templated":true}]}}