{"id":2920996,"date":"2021-02-25T19:33:42","date_gmt":"2021-02-26T03:33:42","guid":{"rendered":"https:\/\/agpnoticias.com\/news\/?p=2920996"},"modified":"2021-02-25T19:53:01","modified_gmt":"2021-02-26T03:53:01","slug":"cristiano-ronaldo-mando-a-su-gato-en-jet-privado-a-espana-tras-ser-atropellado","status":"publish","type":"post","link":"https:\/\/agpnoticias.com\/news\/?p=2920996","title":{"rendered":"Cristiano Ronaldo mand\u00f3 a su gato en jet privado a Espa\u00f1a tras ser atropellado"},"content":{"rendered":"\n<div class=\"article__paragraph-lSRh embeddedBodyItem__container_list-Etoy\">\n<p class=\"color_eta\"><strong>Cristiano Ronaldo y Georgina Rodr\u00edguez<\/strong>&nbsp;han hecho en muchas ocasiones ostentaci\u00f3n del asombroso patrimonio que tienen pero nunca, como en esta ocasi\u00f3n.&nbsp;<strong>Pepe<\/strong>, el gato de la familia, fue atropellado hace unos d\u00edas y la carism\u00e1tica pareja acord\u00f3&nbsp;<strong>transportarlo en jet privado<\/strong>&nbsp;desde Tur\u00edn hasta Espa\u00f1a para que fuera curado de las heridas que sufri\u00f3 a ra\u00edz del accidente. Una noticia que no ha tardado en viralizarse en las redes sociales.&nbsp;<\/p>\n<\/div>\n<div class=\"article__first_doblerroba_ART-29xd\">\n<div class=\"ads__ad_container-20bh ads__ad_container_roba-3QcB  background_color_zeta\">\n<div id=\"div-gpt-ad-roba-1-3096720062\" class=\"ads__ad_element-2X02 ads__uncollapsed-yLk7\" data-ms-ad-type=\"ROBA_POS1\" data-google-query-id=\"CJ-Op53Nhu8CFRTKWwodAOIPAw\">\n<div id=\"google_ads_iframe_\/20370287687\/cuatro.com\/informativos\/deportes_6__container__\"><span style=\"color: #000000; font-family: 'PT Serif', sans-serif; font-size: inherit;\">Pepe, el <\/span><strong style=\"color: #000000; font-family: 'PT Serif', sans-serif; font-size: inherit;\">gato<\/strong><span style=\"color: #000000; font-family: 'PT Serif', sans-serif; font-size: inherit;\">&nbsp;persa del futbolista y la modelo, se&nbsp;<\/span><strong style=\"color: #000000; font-family: 'PT Serif', sans-serif; font-size: inherit;\">escap\u00f3<\/strong><span style=\"color: #000000; font-family: 'PT Serif', sans-serif; font-size: inherit;\">&nbsp;hace unos d\u00edas de la&nbsp;<\/span><strong style=\"color: #000000; font-family: 'PT Serif', sans-serif; font-size: inherit;\">mansi\u00f3n<\/strong><span style=\"color: #000000; font-family: 'PT Serif', sans-serif; font-size: inherit;\">&nbsp;de la pareja en Tur\u00edn, con tal mala fortuna que el minino fue&nbsp;<\/span><strong style=\"color: #000000; font-family: 'PT Serif', sans-serif; font-size: inherit;\">atropellado<\/strong><span style=\"color: #000000; font-family: 'PT Serif', sans-serif; font-size: inherit;\">&nbsp;por un coche en su particular &#8216;huida&#8217;. Debido a las heridas, el gato ha tenido que pasar varios d\u00edas en un hospital veterinario de la ciudad italiana, y tras recibir el alta,<\/span><strong>&nbsp;Cristiano y Georgina<\/strong><span style=\"color: #000000; font-family: 'PT Serif', sans-serif; font-size: inherit;\">&nbsp;han acordado llevarlo a Espa\u00f1a para que pueda seguir con su recuperaci\u00f3n.&nbsp;<\/span><\/div>\n<div>&nbsp;<\/div>\n<\/div>\n<\/div>\n<\/div>\n<div class=\"article__paragraph-lSRh embeddedBodyItem__container_list-Etoy\">\n<div class=\"unknownEmbedded__container-xXXg color_eta\"><iframe id=\"instagram-embed-0\" class=\"instagram-media instagram-media-rendered\" src=\"https:\/\/www.instagram.com\/p\/CI9WKyVJBks\/embed\/captioned\/?cr=1&amp;v=13&amp;wp=540&amp;rd=https%3A%2F%2Fwww.cuatro.com&amp;rp=%2Fdeportes%2Ftop%2Fcristiano-ronaldo-georgina-gato-jet-privado_18_3096720062.html#%7B%22ci%22%3A0%2C%22os%22%3A8302.579999995942%7D\" height=\"1056\" frameborder=\"0\" scrolling=\"no\" allowfullscreen=\"allowfullscreen\" data-instgrm-payload-id=\"instagram-media-payload-0\" data-mce-fragment=\"1\"><\/iframe><\/div>\n<\/div>\n<div class=\"article__paragraph-lSRh embeddedBodyItem__container_list-Etoy\">\n<p class=\"color_eta\">El futbolista de la Juventus puso a disposici\u00f3n del peque\u00f1o Pepe su<strong>&nbsp;jet privado<\/strong>&nbsp;para que este pudiera viajar hasta Espa\u00f1a y que pudiera ser as\u00ed recogido por la<strong>&nbsp;hermana de la influencer,<\/strong>&nbsp;la encargada de supervisar los \u00faltimos d\u00edas de la<strong>&nbsp;recuperaci\u00f3n del minino<\/strong>&nbsp;ya que CR7 y Georgina no tienen tiempo para ello debido a sus apretadas agendas.&nbsp;<\/p>\n<\/div>\n<div class=\"article__second_doblerroba_ART-mHir\">\n<div class=\"ads__ad_container-20bh ads__ad_container_roba-3QcB  background_color_zeta\">\n<div id=\"div-gpt-ad-roba-2-3096720062\" class=\"ads__ad_element-2X02 ads__uncollapsed-yLk7\" data-ms-ad-type=\"ROBA_POS2\" data-google-query-id=\"CKCOp53Nhu8CFRTKWwodAOIPAw\">\n<div id=\"google_ads_iframe_\/20370287687\/cuatro.com\/informativos\/deportes_7__container__\">&nbsp;<\/div>\n<\/div>\n<\/div>\n<\/div>\n<div class=\"article__paragraph-lSRh embeddedBodyItem__container_list-Etoy\">\n<h3 class=\"embeddedBodyItem__h3_title-1fk3 site_font\">Cristiano Ronaldo: \u00abNo puedo prometer otros 20 a\u00f1os m\u00e1s\u00bb<\/h3>\n<\/div>\n<div class=\"article__paragraph-lSRh embeddedBodyItem__container_list-Etoy\">\n<p class=\"color_eta\">El jugador de la Juventus de Tur\u00edn&nbsp;<strong>Cristiano Ronaldo agradeci\u00f3<\/strong>&nbsp;hace unos d\u00edas todas las&nbsp;<strong>felicitaciones<\/strong>&nbsp;recibidas este viernes por su&nbsp;<strong>36\u00ba cumplea\u00f1os<\/strong>&nbsp;y brome\u00f3 asegurando que \u00abno puede prometer otros 20 a\u00f1os\u00bb de carrera profesional, aunque s\u00ed garantiz\u00f3 que seguir\u00e1 \u00abal cien por cien\u00bb mientras no decida colgar las botas.<\/p>\n<\/div>\n<div class=\"article__paragraph-lSRh embeddedBodyItem__container_list-Etoy\">\n<div class=\"video__video_container-38oA\">\n<div class=\"msplayer__selfsize-1rFs\">\n<div class=\"msplayer__container-3PNC \">\n<div id=\"MDSVOD20210128_0104_3096720062_body_6\" class=\"videoPlayer videoPlayer__container-352b small   \">\n<div class=\"video__container-iR7w\">&nbsp;<\/div>\n<div class=\"prePlayer__container-qpJt\">\n<div class=\"poster__container-1cEv\"><img decoding=\"async\" class=\"poster__img-205H\" src=\"https:\/\/album.mediaset.es\/eimg\/10000\/2021\/01\/28\/clipping_YbCOVf_0992.jpg?w=1024\" sizes=\"(min-width: 960px) 634px, 100vw\" srcset=\"https:\/\/album.mediaset.es\/eimg\/10000\/2021\/01\/28\/clipping_YbCOVf_0992.jpg?w=1024 1024w, https:\/\/album.mediaset.es\/eimg\/10000\/2021\/01\/28\/clipping_YbCOVf_0992.jpg?w=800 800w, https:\/\/album.mediaset.es\/eimg\/10000\/2021\/01\/28\/clipping_YbCOVf_0992.jpg?w=768 768w, https:\/\/album.mediaset.es\/eimg\/10000\/2021\/01\/28\/clipping_YbCOVf_0992.jpg?w=640 640w, https:\/\/album.mediaset.es\/eimg\/10000\/2021\/01\/28\/clipping_YbCOVf_0992.jpg?w=600 600w, https:\/\/album.mediaset.es\/eimg\/10000\/2021\/01\/28\/clipping_YbCOVf_0992.jpg?w=480 480w, https:\/\/album.mediaset.es\/eimg\/10000\/2021\/01\/28\/clipping_YbCOVf_0992.jpg?w=360 360w, https:\/\/album.mediaset.es\/eimg\/10000\/2021\/01\/28\/clipping_YbCOVf_0992.jpg?w=320 320w\"><\/div>\n<div class=\"prePlayer__playIcon-2lx6\">&nbsp;<\/div>\n<\/div>\n<\/div>\n<\/div>\n<\/div>\n<\/div>\n<div class=\"embeddedBodyItem__articleFooter-3K07\"><span class=\"embeddedBodyItem__info-_TOx\">Cristiano y Georgina se saltan el confinamiento<\/span><\/div>\n<\/div>\n<div class=\"article__paragraph-lSRh embeddedBodyItem__container_list-Etoy\">\n<p class=\"color_eta\">\u00ab\u00a136 a\u00f1os, incre\u00edble! Parece que todo empez\u00f3 ayer, pero este ha sido un viaje lleno de aventuras e historias para recordar. El primer bal\u00f3n, el primer equipo, el primer gol&#8230; \u00a1El tiempo vuela!<strong>&nbsp;De Madeira a Lisboa, de Lisboa a Manchester, de Manchester a Madrid, de Madrid a Tur\u00edn<\/strong>, todos est\u00e1n en mi coraz\u00f3n\u00bb, dijo Ronaldo en su cuenta de Instagram, donde acompa\u00f1\u00f3 la publicaci\u00f3n con una foto de su familia.<\/p>\n<\/div>\n<div class=\"recommendationsCarousel__contenCarousel-1QeY\">\n<div class=\"recommendationsCarousel__carousel-25lV\">\n<div class=\"slick-slider coreCarouselInside slick-initialized\" dir=\"ltr\"><span style=\"color: #000000; font-family: 'PT Serif', sans-serif; font-size: inherit;\">\u00abSiempre di todo lo que pude y <\/span><em style=\"color: #000000; font-family: 'PT Serif', sans-serif; font-size: inherit;\"><strong>siempre intent\u00e9 mostrar mi mejor versi\u00f3n<\/strong><\/em><span style=\"color: #000000; font-family: 'PT Serif', sans-serif; font-size: inherit;\">. A cambio recib\u00ed vuestro cari\u00f1o y admiraci\u00f3n, presencia y todo el apoyo. Y por eso, nunca podr\u00e9 agradecerles lo suficiente, nada hubiera ocurrido sin vosotros\u00bb, a\u00f1adi\u00f3 el jugador de la Juventus.<\/span><\/div>\n<\/div>\n<\/div>\n","protected":false},"excerpt":{"rendered":"","protected":false},"author":1,"featured_media":2920997,"comment_status":"open","ping_status":"closed","sticky":false,"template":"","format":"standard","meta":{"footnotes":""},"categories":[32,1065],"tags":[595],"class_list":["post-2920996","post","type-post","status-publish","format-standard","has-post-thumbnail","hentry","category-soccer","category-tendencia","tag-destacado"],"_links":{"self":[{"href":"https:\/\/agpnoticias.com\/news\/index.php?rest_route=\/wp\/v2\/posts\/2920996","targetHints":{"allow":["GET"]}}],"collection":[{"href":"https:\/\/agpnoticias.com\/news\/index.php?rest_route=\/wp\/v2\/posts"}],"about":[{"href":"https:\/\/agpnoticias.com\/news\/index.php?rest_route=\/wp\/v2\/types\/post"}],"author":[{"embeddable":true,"href":"https:\/\/agpnoticias.com\/news\/index.php?rest_route=\/wp\/v2\/users\/1"}],"replies":[{"embeddable":true,"href":"https:\/\/agpnoticias.com\/news\/index.php?rest_route=%2Fwp%2Fv2%2Fcomments&post=2920996"}],"version-history":[{"count":5,"href":"https:\/\/agpnoticias.com\/news\/index.php?rest_route=\/wp\/v2\/posts\/2920996\/revisions"}],"predecessor-version":[{"id":2921006,"href":"https:\/\/agpnoticias.com\/news\/index.php?rest_route=\/wp\/v2\/posts\/2920996\/revisions\/2921006"}],"wp:featuredmedia":[{"embeddable":true,"href":"https:\/\/agpnoticias.com\/news\/index.php?rest_route=\/wp\/v2\/media\/2920997"}],"wp:attachment":[{"href":"https:\/\/agpnoticias.com\/news\/index.php?rest_route=%2Fwp%2Fv2%2Fmedia&parent=2920996"}],"wp:term":[{"taxonomy":"category","embeddable":true,"href":"https:\/\/agpnoticias.com\/news\/index.php?rest_route=%2Fwp%2Fv2%2Fcategories&post=2920996"},{"taxonomy":"post_tag","embeddable":true,"href":"https:\/\/agpnoticias.com\/news\/index.php?rest_route=%2Fwp%2Fv2%2Ftags&post=2920996"}],"curies":[{"name":"wp","href":"https:\/\/api.w.org\/{rel}","templated":true}]}}