{"id":2922074,"date":"2021-04-17T09:33:17","date_gmt":"2021-04-17T16:33:17","guid":{"rendered":"https:\/\/agpnoticias.com\/news\/?p=2922074"},"modified":"2021-04-17T09:33:17","modified_gmt":"2021-04-17T16:33:17","slug":"checo-perez-se-estrenara-en-la-primera-fila-en-imola","status":"publish","type":"post","link":"https:\/\/agpnoticias.com\/news\/?p=2922074","title":{"rendered":"Checo P\u00e9rez se estrenar\u00e1 en la primera fila en Imola"},"content":{"rendered":"\n<p><img decoding=\"async\" src=\"https:\/\/pbs.twimg.com\/media\/EzLfAKfUUAUCy-R?format=jpg&amp;name=small\" alt=\"Imagen\" \/><\/p>\n<p>La\u00a0<strong>calificaci\u00f3n era la cuenta pendiente que ten\u00eda\u00a0Checo P\u00e9rez\u00a0en Red Bull<\/strong>\u00a0y en Imola, el mexicano ya\u00a0<strong>cumpli\u00f3 e incluso super\u00f3 las expectativas<\/strong>. Por\u00a0<strong>primera ocasi\u00f3n en su carrera dentro de la F1<\/strong>, P\u00e9rez\u00a0<strong>largar\u00e1 desde la primera fila de salida<\/strong>\u00a0luego de que en la\u00a0<strong>clasificaci\u00f3n termin\u00f3 en segundo lugar; a tan solo 35 mil\u00e9simas de la pole position<\/strong>\u00a0que se\u00a0llev\u00f3 Lewis Hamilton.<\/p>\n<p>Previo a la sesi\u00f3n de clasificaci\u00f3n\u00a0<strong>Helmut Marko<\/strong>, asesor principal de Red Bull,<strong>\u00a0le meti\u00f3 a presi\u00f3n a Checo P\u00e9rez<\/strong>\u00a0al se\u00f1alar que esperaba que el\u00a0<strong>mexicano se clasificara entre los primeros cinco lugares<\/strong>. Tras ser\u00a0<strong>cuarto en las pr\u00e1cticas libres tres<\/strong>, la calificaci\u00f3n del piloto mexicano<strong>\u00a0inici\u00f3 un punto titubeante<\/strong>\u00a0luego de que le\u00a0<strong>quitaron su primer intento de vuelta r\u00e1pida por exceder los l\u00edmites de la pista.<\/strong><\/p>\n<p><img decoding=\"async\" src=\"https:\/\/pbs.twimg.com\/media\/EzLmGkHVoA4J1mZ?format=jpg&amp;name=small\" alt=\"Imagen\" \/><\/p>\n<p>R\u00e1pidamente,<strong>\u00a0P\u00e9rez lo volvi\u00f3 a intentar<\/strong>\u00a0y logr\u00f3 el tiempo suficiente\u00a0<strong>para avanzar la Q2<\/strong>. Ya en la segunda instancia\u00a0<strong>&#8216;Checo&#8217; amenazaba con lo que pod\u00eda mostrar m\u00e1s tarde<\/strong>. El piloto de Red Bull<strong>\u00a0avanz\u00f3 a la Q1 con el mejor tiempo<\/strong>, aunque a diferencia de los dos Mercedes y Verstappen, quienes marcaron sus tiempos con llantas medias,\u00a0<strong>el mexicano lo hizo con neum\u00e1ticos suaves.<\/strong><\/p>\n<h3>El momento definitivo<\/h3>\n<p>Ya<strong>\u00a0instalado en la Q3<\/strong>\u00a0el objetivo de Checo era\u00a0<strong>estar lo m\u00e1s cerca posible de su coequipero Max Verstappen<\/strong>\u00a0e incluso poder superar a Valtteri Bottas. Desde su primer intento,<strong>\u00a0Sergio P\u00e9rez ilusionaba<\/strong>\u00a0y al final de la sesi\u00f3n dio su mejor giro para dar la sorpresa:<strong>\u00a0superar a Max y quedar a solo tres mil\u00e9simas de la pole position.<\/strong><\/p>\n<p><img decoding=\"async\" src=\"https:\/\/img-s-msn-com.akamaized.net\/tenant\/amp\/entityid\/BB1fKN7t.img?h=450&amp;w=799&amp;m=6&amp;q=60&amp;o=f&amp;l=f\" alt=\".\" \/><\/p>\n<p>Con un tiempo de\u00a0<strong>1:14.446, &#8216;Checo&#8217; P\u00e9rez partir\u00e1 por primera ocasi\u00f3n desde la primera l\u00ednea de salida<\/strong>\u00a0y empat\u00f3 su mejor sesi\u00f3n de clasificaci\u00f3n. En\u00a0<strong>Azerbaiy\u00e1n 2017 clasific\u00f3 segundo,\u00a0<\/strong>pero una penalizaci\u00f3n hizo que largara desde el s\u00e9ptimo puesto.<\/p>\n<p>Desde<strong>\u00a0Abu Dhabi 2018<\/strong>\u00a0no suced\u00eda que\u00a0<strong>un coequipero de Max Verstappen lo superar\u00e1 en calificaci\u00f3n en igualdad de condiciones<\/strong>. En 2019,\u00a0<strong>Pierre Gasly y Alexander Albon estuvieron por encima del neerland\u00e9s en s\u00e1bado<\/strong>, aunque obtuvieron ese resultado por factores externos.<\/p>\n<p>\u00a0<\/p>\n","protected":false},"excerpt":{"rendered":"","protected":false},"author":1,"featured_media":2921547,"comment_status":"open","ping_status":"closed","sticky":false,"template":"","format":"standard","meta":{"footnotes":""},"categories":[37],"tags":[595],"class_list":["post-2922074","post","type-post","status-publish","format-standard","has-post-thumbnail","hentry","category-off-road","tag-destacado"],"_links":{"self":[{"href":"https:\/\/agpnoticias.com\/news\/index.php?rest_route=\/wp\/v2\/posts\/2922074","targetHints":{"allow":["GET"]}}],"collection":[{"href":"https:\/\/agpnoticias.com\/news\/index.php?rest_route=\/wp\/v2\/posts"}],"about":[{"href":"https:\/\/agpnoticias.com\/news\/index.php?rest_route=\/wp\/v2\/types\/post"}],"author":[{"embeddable":true,"href":"https:\/\/agpnoticias.com\/news\/index.php?rest_route=\/wp\/v2\/users\/1"}],"replies":[{"embeddable":true,"href":"https:\/\/agpnoticias.com\/news\/index.php?rest_route=%2Fwp%2Fv2%2Fcomments&post=2922074"}],"version-history":[{"count":1,"href":"https:\/\/agpnoticias.com\/news\/index.php?rest_route=\/wp\/v2\/posts\/2922074\/revisions"}],"predecessor-version":[{"id":2922076,"href":"https:\/\/agpnoticias.com\/news\/index.php?rest_route=\/wp\/v2\/posts\/2922074\/revisions\/2922076"}],"wp:featuredmedia":[{"embeddable":true,"href":"https:\/\/agpnoticias.com\/news\/index.php?rest_route=\/wp\/v2\/media\/2921547"}],"wp:attachment":[{"href":"https:\/\/agpnoticias.com\/news\/index.php?rest_route=%2Fwp%2Fv2%2Fmedia&parent=2922074"}],"wp:term":[{"taxonomy":"category","embeddable":true,"href":"https:\/\/agpnoticias.com\/news\/index.php?rest_route=%2Fwp%2Fv2%2Fcategories&post=2922074"},{"taxonomy":"post_tag","embeddable":true,"href":"https:\/\/agpnoticias.com\/news\/index.php?rest_route=%2Fwp%2Fv2%2Ftags&post=2922074"}],"curies":[{"name":"wp","href":"https:\/\/api.w.org\/{rel}","templated":true}]}}