{"id":2922075,"date":"2021-04-17T09:38:25","date_gmt":"2021-04-17T16:38:25","guid":{"rendered":"https:\/\/agpnoticias.com\/news\/?p=2922075"},"modified":"2021-04-17T09:38:28","modified_gmt":"2021-04-17T16:38:28","slug":"real-madrid-zinedine-zidane-dejo-en-el-aire-su-continuidad-en-el-club-merengue","status":"publish","type":"post","link":"https:\/\/agpnoticias.com\/news\/?p=2922075","title":{"rendered":"Real Madrid: Zinedine Zidane dej\u00f3 en el aire su continuidad en el club merengue"},"content":{"rendered":"\n<p><strong>Zinedine Zidane<\/strong>\u00a0no confirm\u00f3 que seguir\u00e1 en el banquillo del\u00a0<strong>Real Madrid<\/strong>\u00a0la pr\u00f3xima temporada, felicit\u00f3 a\u00a0<strong>Florentino P\u00e9rez<\/strong>\u00a0por su reelecci\u00f3n como presidente, sin ligar su continuidad a la del m\u00e1ximo mandatario ni mirar \u00abm\u00e1s all\u00e1 del partido de ma\u00f1ana\u00bb, porque asegur\u00f3 que en el f\u00fatbol un contrato \u00abno vale de nada\u00bb.<\/p>\n<p>\u00abMe alegro por \u00e9l, que va a seguir como presidente del\u00a0<strong>Real Madrid<\/strong>\u00ab, asegur\u00f3. \u00abYo no veo m\u00e1s all\u00e1 del partido de ma\u00f1ana, el resto nadie sabe lo que va a pasar. Pienso \u00fanicamente en el d\u00eda a d\u00eda, en trabajar y nada m\u00e1s\u00bb.<\/p>\n<p>Molesto por las preguntas sobre su futuro antes que por las deportivas del partido ante el\u00a0<strong>Getafe<\/strong>, Zidane dej\u00f3 ver su sentimiento ante las cr\u00edticas que ha recibido esta temporada por la irregularidad antes de un momento bueno que le mantiene luchando por\u00a0<a href=\"https:\/\/www.record.com.mx\/futbol-futbol-internacional-internacionales\/laliga-que-viene-en-el-cierre-para-real-madrid-barcelona\" target=\"_blank\" rel=\"noopener\" data-id=\"111\" data-m=\"{&quot;i&quot;:111,&quot;p&quot;:107,&quot;n&quot;:&quot;partnerLink&quot;,&quot;y&quot;:24,&quot;o&quot;:4}\"><strong>Liga<\/strong><\/a>\u00a0y\u00a0<strong>Champions League<\/strong>.<\/p>\n<p>\u00abHubo muchas dudas de muchas personas pero nosotros no, no hemos dudado nunca del trabajo que hicimos. Los jugadores est\u00e1n muy metidos, creen en lo que hacen y en la dificultad se hacen m\u00e1s fuertes. Es lo que saca este equipo en cada momento y partido. Estoy muy orgulloso de que siempre quieran m\u00e1s, es lo que me llena, ver a mis\u00a0<strong>jugadores<\/strong>\u00a0metidos en todo lo que hacemos\u00bb, agreg\u00f3.<\/p>\n<div class=\"media_embed\">\n<div class=\"twitter-tweet twitter-tweet-rendered\"><span style=\"color: #000000; font-family: 'PT Serif', sans-serif; font-size: inherit;\">Por \u00faltimo, respondi\u00f3 a los que le apuntan como alineador y nunca reconocen sus virtudes en el apartado<\/span><strong style=\"color: #000000; font-family: 'PT Serif', sans-serif; font-size: inherit;\">\u00a0t\u00e1ctico<\/strong><span style=\"color: #000000; font-family: 'PT Serif', sans-serif; font-size: inherit;\">. \u00abNo va a cambiar nada lo que les diga, que si tengo flor y es verdad porque la tengo de entrenar a este equipo y en este gran\u00a0<\/span><strong style=\"color: #000000; font-family: 'PT Serif', sans-serif; font-size: inherit;\">club<\/strong><span style=\"color: #000000; font-family: 'PT Serif', sans-serif; font-size: inherit;\">, tengo mucha suerte\u00bb.<\/span><\/div>\n<\/div>\n<p>\u00abLuego no creo que sea un desastre de<strong>\u00a0entrenador<\/strong>, no soy el mejor seguro pero me gusta lo que estoy haciendo. No siempre se pueden hacer las cosas bien pero es lo de menos, lo importante es meter pasi\u00f3n en lo que te gusta y dar el m\u00e1ximo siempre, cada d\u00eda el cien por cien como hago yo, pero sobre todo mis\u00a0<strong>jugadores<\/strong>\u00ab.<\/p>\n","protected":false},"excerpt":{"rendered":"","protected":false},"author":1,"featured_media":2922077,"comment_status":"open","ping_status":"closed","sticky":false,"template":"","format":"standard","meta":{"footnotes":""},"categories":[32],"tags":[595],"class_list":["post-2922075","post","type-post","status-publish","format-standard","has-post-thumbnail","hentry","category-soccer","tag-destacado"],"_links":{"self":[{"href":"https:\/\/agpnoticias.com\/news\/index.php?rest_route=\/wp\/v2\/posts\/2922075","targetHints":{"allow":["GET"]}}],"collection":[{"href":"https:\/\/agpnoticias.com\/news\/index.php?rest_route=\/wp\/v2\/posts"}],"about":[{"href":"https:\/\/agpnoticias.com\/news\/index.php?rest_route=\/wp\/v2\/types\/post"}],"author":[{"embeddable":true,"href":"https:\/\/agpnoticias.com\/news\/index.php?rest_route=\/wp\/v2\/users\/1"}],"replies":[{"embeddable":true,"href":"https:\/\/agpnoticias.com\/news\/index.php?rest_route=%2Fwp%2Fv2%2Fcomments&post=2922075"}],"version-history":[{"count":1,"href":"https:\/\/agpnoticias.com\/news\/index.php?rest_route=\/wp\/v2\/posts\/2922075\/revisions"}],"predecessor-version":[{"id":2922078,"href":"https:\/\/agpnoticias.com\/news\/index.php?rest_route=\/wp\/v2\/posts\/2922075\/revisions\/2922078"}],"wp:featuredmedia":[{"embeddable":true,"href":"https:\/\/agpnoticias.com\/news\/index.php?rest_route=\/wp\/v2\/media\/2922077"}],"wp:attachment":[{"href":"https:\/\/agpnoticias.com\/news\/index.php?rest_route=%2Fwp%2Fv2%2Fmedia&parent=2922075"}],"wp:term":[{"taxonomy":"category","embeddable":true,"href":"https:\/\/agpnoticias.com\/news\/index.php?rest_route=%2Fwp%2Fv2%2Fcategories&post=2922075"},{"taxonomy":"post_tag","embeddable":true,"href":"https:\/\/agpnoticias.com\/news\/index.php?rest_route=%2Fwp%2Fv2%2Ftags&post=2922075"}],"curies":[{"name":"wp","href":"https:\/\/api.w.org\/{rel}","templated":true}]}}