{"id":2922086,"date":"2021-04-17T10:46:46","date_gmt":"2021-04-17T17:46:46","guid":{"rendered":"https:\/\/agpnoticias.com\/news\/?p=2922086"},"modified":"2021-04-17T10:46:50","modified_gmt":"2021-04-17T17:46:50","slug":"alerta-oms-que-pandemia-se-acerca-a-nuevo-pico","status":"publish","type":"post","link":"https:\/\/agpnoticias.com\/news\/?p=2922086","title":{"rendered":"Alerta OMS que pandemia se acerca a nuevo pico"},"content":{"rendered":"\n<p>La\u00a0<strong>Organizaci\u00f3n Mundial de la Salud (OMS)\u00a0<\/strong>alert\u00f3 sobre un nuevo pico que podr\u00eda alcanzar la pandemia por el\u00a0nuevo coronavirus causante de COVID-19, debido al aumento de contagios que se ha dado en los<strong>\u00a0\u00faltimos dos meses.<\/strong><\/p>\n<p><span class=\"storyimage fullwidth inlineimage\" data-aop=\"image\"><span class=\"image\" data-attrib=\"Proporcionado por UnoTV\" data-caption=\"La OMS alert\u00f3 sobre un nuevo pico en la pandemia de COVID-19. Foto: Cuartoscuro\" data-id=\"105\" data-m=\"{&quot;i&quot;:105,&quot;p&quot;:104,&quot;n&quot;:&quot;openModal&quot;,&quot;t&quot;:&quot;articleImages&quot;,&quot;o&quot;:1}\"><img decoding=\"async\" class=\"loaded\" src=\"https:\/\/img-s-msn-com.akamaized.net\/tenant\/amp\/entityid\/BB1fJLxO.img?h=450&amp;w=799&amp;m=6&amp;q=60&amp;o=f&amp;l=f\" alt=\"La OMS alert\u00f3 sobre un nuevo pico en la pandemia de COVID-19. Foto: Cuartoscuro\" data-src=\"{&quot;default&quot;:{&quot;load&quot;:&quot;default&quot;,&quot;w&quot;:&quot;80&quot;,&quot;h&quot;:&quot;45&quot;,&quot;src&quot;:&quot;\/\/img-s-msn-com.akamaized.net\/tenant\/amp\/entityid\/BB1fJLxO.img?h=450&amp;w=799&amp;m=6&amp;q=60&amp;o=f&amp;l=f&quot;},&quot;size3column&quot;:{&quot;load&quot;:&quot;default&quot;,&quot;w&quot;:&quot;62&quot;,&quot;h&quot;:&quot;35&quot;,&quot;src&quot;:&quot;\/\/img-s-msn-com.akamaized.net\/tenant\/amp\/entityid\/BB1fJLxO.img?h=351&amp;w=624&amp;m=6&amp;q=60&amp;o=f&amp;l=f&quot;},&quot;size2column&quot;:{&quot;load&quot;:&quot;default&quot;,&quot;w&quot;:&quot;62&quot;,&quot;h&quot;:&quot;35&quot;,&quot;src&quot;:&quot;\/\/img-s-msn-com.akamaized.net\/tenant\/amp\/entityid\/BB1fJLxO.img?h=351&amp;w=624&amp;m=6&amp;q=60&amp;o=f&amp;l=f&quot;}}\" \/><\/span><\/span><\/p>\n<p>El director general de la OMS,\u00a0<strong>Tedros Adhanom Ghebreyesus,\u00a0<\/strong>confirm\u00f3 que el n\u00famero de casos nuevos por la cepa que mantiene en alerta sanitaria al mundo se acerca a la\u00a0<strong>tasa m\u00e1s alta<\/strong>.<\/p>\n<p>\u201cEl n\u00famero de casos semanales pr\u00e1cticamente se ha duplicado en los dos \u00faltimos meses y esto significa que nos estamos acercando al nivel m\u00e1s alto de infecciones que hemos visto hasta ahora en la pandemia\u201d.<\/p>\n<h6 class=\"wp-block-quote\"><em>Tedros Adhanom Ghebreyesus, director general de la OMS.<\/em><\/h6>\n<p>Durante una conferencia de prensa, destac\u00f3 que entre las razones de este\u00a0<strong>incremento de\u00a0<\/strong>contagios de COVID-19\u00a0se encuentran las\u00a0nuevas variantes que son m\u00e1s contagiosas, as\u00ed como al relajamiento de medidas para evitar la\u00a0<strong>propagaci\u00f3n del virus.<\/strong><\/p>\n<p>Aunque este no es el primer llamado de\u00a0<strong>alerta que hace la organizaci\u00f3n<\/strong>, pues a inicios de semana la responsable t\u00e9cnica de la OMS en la lucha contra el virus,\u00a0Maria Van Kerkhove, destac\u00f3 que la pandemia de COVID-19 alcanz\u00f3 un \u201cpunto cr\u00edtico\u201d con infecciones que crecen exponencialmente.<\/p>\n<p>\u201cEstamos en un punto cr\u00edtico. La trayectoria de la pandemia est\u00e1 en plena expansi\u00f3n, crece de forma exponencial. No es la situaci\u00f3n en la que queremos estar 16 meses despu\u00e9s del inicio de la pandemia, cuando disponemos de medidas de control eficaces\u201d.<\/p>\n<h6 class=\"wp-block-quote\"><strong>Maria Van Kerkhove, responsable t\u00e9cnica de la OMS en la lucha contra el virus.<\/strong><\/h6>\n<p>La semana pasada, el\u00a0<strong>n\u00famero de casos creci\u00f3 9% en el mundo<\/strong>, mientras que las\u00a0<strong>muertes<\/strong>\u00a0<strong>aumentaron<\/strong>\u00a0<strong>5%,<\/strong>\u00a0detall\u00f3 el director de la OMS.<\/p>\n<p>\u201cLa semana pasada, hemos registrado el cuarto mayor n\u00famero de casos en una sola semana hasta ahora. En varios pa\u00edses de Asia y del Medio Oriente se ha registrado un fuerte aumento de casos. Y esto a pesar de que se han administrado m\u00e1s de 780 millones de dosis de vacunas en todo el mundo\u201d.<\/p>\n<h6 class=\"wp-block-quote\"><em><strong>Tedros Adhanom Ghebreyesus, director general de la OMS.<\/strong><\/em><\/h6>\n<p>Y aunque consider\u00f3 que las\u00a0vacunas contra COVID-19\u00a0son herramientas\u00a0<strong>\u201cvitales y poderosas\u201d,<\/strong>\u00a0llam\u00f3 a seguir las medidas de la<strong>\u00a0distancia f\u00edsica, uso de mascarillas, higiene de las manos, ventilaci\u00f3n, rastreo de contactos, aislamiento y cuarentena.<\/strong><\/p>\n","protected":false},"excerpt":{"rendered":"","protected":false},"author":1,"featured_media":2922090,"comment_status":"open","ping_status":"closed","sticky":false,"template":"","format":"standard","meta":{"footnotes":""},"categories":[1,1066],"tags":[],"class_list":["post-2922086","post","type-post","status-publish","format-standard","has-post-thumbnail","hentry","category-uncategorized","category-coronavirus"],"_links":{"self":[{"href":"https:\/\/agpnoticias.com\/news\/index.php?rest_route=\/wp\/v2\/posts\/2922086","targetHints":{"allow":["GET"]}}],"collection":[{"href":"https:\/\/agpnoticias.com\/news\/index.php?rest_route=\/wp\/v2\/posts"}],"about":[{"href":"https:\/\/agpnoticias.com\/news\/index.php?rest_route=\/wp\/v2\/types\/post"}],"author":[{"embeddable":true,"href":"https:\/\/agpnoticias.com\/news\/index.php?rest_route=\/wp\/v2\/users\/1"}],"replies":[{"embeddable":true,"href":"https:\/\/agpnoticias.com\/news\/index.php?rest_route=%2Fwp%2Fv2%2Fcomments&post=2922086"}],"version-history":[{"count":1,"href":"https:\/\/agpnoticias.com\/news\/index.php?rest_route=\/wp\/v2\/posts\/2922086\/revisions"}],"predecessor-version":[{"id":2922091,"href":"https:\/\/agpnoticias.com\/news\/index.php?rest_route=\/wp\/v2\/posts\/2922086\/revisions\/2922091"}],"wp:featuredmedia":[{"embeddable":true,"href":"https:\/\/agpnoticias.com\/news\/index.php?rest_route=\/wp\/v2\/media\/2922090"}],"wp:attachment":[{"href":"https:\/\/agpnoticias.com\/news\/index.php?rest_route=%2Fwp%2Fv2%2Fmedia&parent=2922086"}],"wp:term":[{"taxonomy":"category","embeddable":true,"href":"https:\/\/agpnoticias.com\/news\/index.php?rest_route=%2Fwp%2Fv2%2Fcategories&post=2922086"},{"taxonomy":"post_tag","embeddable":true,"href":"https:\/\/agpnoticias.com\/news\/index.php?rest_route=%2Fwp%2Fv2%2Ftags&post=2922086"}],"curies":[{"name":"wp","href":"https:\/\/api.w.org\/{rel}","templated":true}]}}