{"id":2922089,"date":"2021-04-17T11:46:33","date_gmt":"2021-04-17T18:46:33","guid":{"rendered":"https:\/\/agpnoticias.com\/news\/?p=2922089"},"modified":"2021-04-17T11:46:36","modified_gmt":"2021-04-17T18:46:36","slug":"hansi-flick-anuncio-que-dejara-al-bayern-munich","status":"publish","type":"post","link":"https:\/\/agpnoticias.com\/news\/?p=2922089","title":{"rendered":"Hansi Flick anunci\u00f3 que dejar\u00e1 al Bayern Munich"},"content":{"rendered":"\n<p>El t\u00e9cnico del\u00a0<strong>Bayern Munich<\/strong>,\u00a0<strong>Hansi Flick<\/strong>, anunci\u00f3 este s\u00e1bado su prop\u00f3sito de dejar el cargo al final de la presente temporada.<\/p>\n<p>El entrenador del campe\u00f3n alem\u00e1n hizo este anuncio en declaraciones a la televisi\u00f3n regional\u00a0<strong>NDR\u00a0<\/strong>y a\u00a0<strong>Sky\u00a0<\/strong>tras el partido liguero contra el\u00a0<strong>Wolfsburg<\/strong>, que el conjunto b\u00e1varo gan\u00f3 por 3-2.<\/p>\n<p>\u00ab<em>Le he comunicado al club que quiero dejar el puesto a final de la temporada<\/em>\u00ab, afirm\u00f3 el t\u00e9cnico, de 56 a\u00f1os, cuyo contrato con el\u00a0<strong>Bayern\u00a0<\/strong>expira a final de junio de 2023.<\/p>\n<p>El futuro de\u00a0<strong>Flick\u00a0<\/strong>al frente del\u00a0<strong>Bayern\u00a0<\/strong>estaba en el aire despu\u00e9s de quedar fuera de la\u00a0<strong>Liga de Campeones<\/strong>\u00a0tras el partido disputado esta semana contra el\u00a0<strong>PSG<\/strong>.<\/p>\n<p>A eso se suma que se le considera uno de los candidatos a suceder al seleccionador alem\u00e1n,\u00a0<strong>Joachim L\u00f6w<\/strong>, quien dejar\u00e1 el cargo tras la pr\u00f3xima Eurocopa.\u00a0<\/p>\n","protected":false},"excerpt":{"rendered":"","protected":false},"author":1,"featured_media":2922092,"comment_status":"open","ping_status":"closed","sticky":false,"template":"","format":"standard","meta":{"footnotes":""},"categories":[32],"tags":[595],"class_list":["post-2922089","post","type-post","status-publish","format-standard","has-post-thumbnail","hentry","category-soccer","tag-destacado"],"_links":{"self":[{"href":"https:\/\/agpnoticias.com\/news\/index.php?rest_route=\/wp\/v2\/posts\/2922089","targetHints":{"allow":["GET"]}}],"collection":[{"href":"https:\/\/agpnoticias.com\/news\/index.php?rest_route=\/wp\/v2\/posts"}],"about":[{"href":"https:\/\/agpnoticias.com\/news\/index.php?rest_route=\/wp\/v2\/types\/post"}],"author":[{"embeddable":true,"href":"https:\/\/agpnoticias.com\/news\/index.php?rest_route=\/wp\/v2\/users\/1"}],"replies":[{"embeddable":true,"href":"https:\/\/agpnoticias.com\/news\/index.php?rest_route=%2Fwp%2Fv2%2Fcomments&post=2922089"}],"version-history":[{"count":1,"href":"https:\/\/agpnoticias.com\/news\/index.php?rest_route=\/wp\/v2\/posts\/2922089\/revisions"}],"predecessor-version":[{"id":2922093,"href":"https:\/\/agpnoticias.com\/news\/index.php?rest_route=\/wp\/v2\/posts\/2922089\/revisions\/2922093"}],"wp:featuredmedia":[{"embeddable":true,"href":"https:\/\/agpnoticias.com\/news\/index.php?rest_route=\/wp\/v2\/media\/2922092"}],"wp:attachment":[{"href":"https:\/\/agpnoticias.com\/news\/index.php?rest_route=%2Fwp%2Fv2%2Fmedia&parent=2922089"}],"wp:term":[{"taxonomy":"category","embeddable":true,"href":"https:\/\/agpnoticias.com\/news\/index.php?rest_route=%2Fwp%2Fv2%2Fcategories&post=2922089"},{"taxonomy":"post_tag","embeddable":true,"href":"https:\/\/agpnoticias.com\/news\/index.php?rest_route=%2Fwp%2Fv2%2Ftags&post=2922089"}],"curies":[{"name":"wp","href":"https:\/\/api.w.org\/{rel}","templated":true}]}}