{"id":2922775,"date":"2021-05-16T19:01:22","date_gmt":"2021-05-17T02:01:22","guid":{"rendered":"https:\/\/agpnoticias.com\/news\/?p=2922775"},"modified":"2021-05-16T19:02:29","modified_gmt":"2021-05-17T02:02:29","slug":"cantante-de-kabah-se-une-a-la-campana-de-una-candidata-a-diputada-de-ensenada","status":"publish","type":"post","link":"https:\/\/agpnoticias.com\/news\/?p=2922775","title":{"rendered":"Cantante de Kabah se une a la campa\u00f1a de una candidata a diputada de Ensenada"},"content":{"rendered":"\n<p>La medallista ol\u00edmpica <strong>Mari J\u00f3se Alcal\u00e1<\/strong>, la activista e integrante del grupo musical Kabah Federica Quijano y la comunic\u00f3loga Martha Guzm\u00e1n formaran parte del equipo de la candidata al distrito XV de Baja California, <strong>Daniela Machado Vidal.<\/strong><\/p>\n<p>\u201cLa unidad, es sin\u00f3nimo de fortaleza y hoy m\u00e1s que nunca, estamos integradas para que a trav\u00e9s de un equipo ganador, generemos acciones de gran beneficio para Rosarito, Ensenada y el resto\u00a0del Estado\u201d, dijo Machado Vidal.<\/p>\n<p>La <strong>medallista ol\u00edmpica Mari Jos\u00e9 Alcal\u00e1<\/strong>, dijo, viene a sumarse a la compa\u00f1a, expres\u00f3, un movimiento sumamente importante, porque mi visi\u00f3n como legisladora es hacer del deporte una pol\u00edtica de Estado, agreg\u00f3 que el impulso al deporte a trav\u00e9s de figuras como la de Mari J\u00f3se Alcal\u00e1\u00a0sumar\u00e1n a la vida econ\u00f3mica y social de Rosarito, <strong>Ensenada<\/strong> y Baja California, grandes\u00a0beneficios.<\/p>\n<p>Con <strong>Federica Quijano<\/strong> haremos un gran equipo para el distrito, ella es cantante, empresaria, conferencista, creativa, y activista, ha sido vocera de segmentos de autismo en Telet\u00f3n, apoya la fundaci\u00f3n \u00abImagina en Movimiento\u00bb que apoya a personas con autismo, ha coordinado\u00a0eventos importantes para la Procuradur\u00eda General de Justicia del Distrito Federal y para la\u00a0Secretar\u00eda de Salud, haciendo conciencia sobre el tema.<\/p>\n<p>Con ella, afirm\u00f3, se impulsar\u00e1n programas de integraci\u00f3n para establecer rutas que permitan la inclusi\u00f3n, que fortalezcan toda acci\u00f3n encaminada a la prevenci\u00f3n y a evitar la discriminaci\u00f3n en el Estado.<\/p>\n<p>Machado Vidal inform\u00f3 que con la periodista, comunic\u00f3loga y activista Martha Guzm\u00e1n como l\u00edder de opini\u00f3n, se trabajar\u00e1 en un proyecto enfocado en el apoyo a todas las mujeres que\u00a0sufren todo tipo de violencia.<\/p>\n<p>Por su experiencia, dijo, <strong>Martha Guzm\u00e1n<\/strong> nos ayudar\u00e1 ha generar acciones contra la violencia\u00a0contra la mujer, muy espec\u00edficamente violencia econ\u00f3mica que es un tema poco abordado y\u00a0que tiene una gran relevancia en las mujeres y las familias uniparentales en M\u00e9xico.<\/p>\n<p>Puntualiz\u00f3 que con las tres integradas a su equipo de trabajo, lograr\u00e1n pol\u00edticas p\u00fablicas,\u00a0gesti\u00f3n inteligente, recursos adicionales y gestiones importantes para temas de inclusi\u00f3n social,\u00a0fortalecimiento a la mujer y empoderamiento de todo sector que haya sido marginado en el\u00a0tiempo.<\/p>\n<p>\u00a0<\/p>\n","protected":false},"excerpt":{"rendered":"","protected":false},"author":1,"featured_media":2922776,"comment_status":"open","ping_status":"closed","sticky":false,"template":"","format":"standard","meta":{"footnotes":""},"categories":[1],"tags":[],"class_list":["post-2922775","post","type-post","status-publish","format-standard","has-post-thumbnail","hentry","category-uncategorized"],"_links":{"self":[{"href":"https:\/\/agpnoticias.com\/news\/index.php?rest_route=\/wp\/v2\/posts\/2922775","targetHints":{"allow":["GET"]}}],"collection":[{"href":"https:\/\/agpnoticias.com\/news\/index.php?rest_route=\/wp\/v2\/posts"}],"about":[{"href":"https:\/\/agpnoticias.com\/news\/index.php?rest_route=\/wp\/v2\/types\/post"}],"author":[{"embeddable":true,"href":"https:\/\/agpnoticias.com\/news\/index.php?rest_route=\/wp\/v2\/users\/1"}],"replies":[{"embeddable":true,"href":"https:\/\/agpnoticias.com\/news\/index.php?rest_route=%2Fwp%2Fv2%2Fcomments&post=2922775"}],"version-history":[{"count":2,"href":"https:\/\/agpnoticias.com\/news\/index.php?rest_route=\/wp\/v2\/posts\/2922775\/revisions"}],"predecessor-version":[{"id":2922779,"href":"https:\/\/agpnoticias.com\/news\/index.php?rest_route=\/wp\/v2\/posts\/2922775\/revisions\/2922779"}],"wp:featuredmedia":[{"embeddable":true,"href":"https:\/\/agpnoticias.com\/news\/index.php?rest_route=\/wp\/v2\/media\/2922776"}],"wp:attachment":[{"href":"https:\/\/agpnoticias.com\/news\/index.php?rest_route=%2Fwp%2Fv2%2Fmedia&parent=2922775"}],"wp:term":[{"taxonomy":"category","embeddable":true,"href":"https:\/\/agpnoticias.com\/news\/index.php?rest_route=%2Fwp%2Fv2%2Fcategories&post=2922775"},{"taxonomy":"post_tag","embeddable":true,"href":"https:\/\/agpnoticias.com\/news\/index.php?rest_route=%2Fwp%2Fv2%2Ftags&post=2922775"}],"curies":[{"name":"wp","href":"https:\/\/api.w.org\/{rel}","templated":true}]}}