{"id":2922790,"date":"2021-05-17T19:00:54","date_gmt":"2021-05-18T02:00:54","guid":{"rendered":"https:\/\/agpnoticias.com\/news\/?p=2922790"},"modified":"2021-05-17T19:00:59","modified_gmt":"2021-05-18T02:00:59","slug":"club-tigres-anunciaria-al-piojo-herrera-este-martes-como-nuevo-tecnico","status":"publish","type":"post","link":"https:\/\/agpnoticias.com\/news\/?p=2922790","title":{"rendered":"Club Tigres anunciar\u00eda al Piojo Herrera este martes como nuevo t\u00e9cnico"},"content":{"rendered":"\n<p>La espera termin\u00f3<b>, Tigres<\/b>\u00a0anunciar\u00eda este martes a\u00a0<b>Miguel Herrera<\/b>\u00a0como nuevo t\u00e9cnico, el sustituto de\u00a0<b>Ricardo Ferretti<\/b>, a quien\u00a0el club ya no le quiso renovar contrato\u00a0a pesar de que el\u00a0<b>Tuca<\/b>\u00a0aseguraba hab\u00eda un acuerdo de palabra.<\/p>\n<p><span class=\"storyimage fullwidth inlineimage\" data-aop=\"image\"><span class=\"image\" data-attrib=\"Editorial Medio Tiempo\" data-caption=\"Piojo llegar\u00e1 con su yerno como auxiliar. (Foto: Mexsport)\" data-id=\"107\" data-m=\"{&quot;i&quot;:107,&quot;p&quot;:106,&quot;n&quot;:&quot;openModal&quot;,&quot;t&quot;:&quot;articleImages&quot;,&quot;o&quot;:1}\"><img decoding=\"async\" class=\"loaded\" src=\"https:\/\/img-s-msn-com.akamaized.net\/tenant\/amp\/entityid\/BB1gQbKM.img?h=498&amp;w=799&amp;m=6&amp;q=60&amp;o=f&amp;l=f&amp;x=724&amp;y=230\" alt=\"Piojo llegar\u00e1 con su yerno como auxiliar. (Foto: Mexsport)\" data-src=\"{&quot;default&quot;:{&quot;load&quot;:&quot;default&quot;,&quot;w&quot;:&quot;80&quot;,&quot;h&quot;:&quot;50&quot;,&quot;src&quot;:&quot;\/\/img-s-msn-com.akamaized.net\/tenant\/amp\/entityid\/BB1gQbKM.img?h=498&amp;w=799&amp;m=6&amp;q=60&amp;o=f&amp;l=f&amp;x=724&amp;y=230&quot;},&quot;size3column&quot;:{&quot;load&quot;:&quot;default&quot;,&quot;w&quot;:&quot;62&quot;,&quot;h&quot;:&quot;39&quot;,&quot;src&quot;:&quot;\/\/img-s-msn-com.akamaized.net\/tenant\/amp\/entityid\/BB1gQbKM.img?h=389&amp;w=624&amp;m=6&amp;q=60&amp;o=f&amp;l=f&amp;x=724&amp;y=230&quot;},&quot;size2column&quot;:{&quot;load&quot;:&quot;default&quot;,&quot;w&quot;:&quot;62&quot;,&quot;h&quot;:&quot;39&quot;,&quot;src&quot;:&quot;\/\/img-s-msn-com.akamaized.net\/tenant\/amp\/entityid\/BB1gQbKM.img?h=389&amp;w=624&amp;m=6&amp;q=60&amp;o=f&amp;l=f&amp;x=724&amp;y=230&quot;}}\" \/><\/span><span class=\"caption truncate\"><span class=\"attribution\">\u00a9 Editorial Medio Tiempo<\/span>\u00a0Piojo llegar\u00e1 con su yerno como auxiliar. (Foto: Mexsport)<\/span><\/span><\/p>\n<p>\u00abNo pasa de esta semana, seguro ma\u00f1ana (martes) se cierra, faltan detalles, se est\u00e1 viendo la duraci\u00f3n del contrato\u00bb, dijo a Mediotiempo una fuente allegada a la negociaci\u00f3n entre\u00a0<b>Sinergia Deportiva<\/b>\u00a0y el<b>\u00a0Piojo<\/b>.<\/p>\n<p>De esta manera, Herrera estar\u00eda viajando a tierra regia en cuanto el club se lo indique, y as\u00ed estar planeando lo que ser\u00e1 el siguiente torneo, comenzando con la pretemporada que inicia el 7 de junio.<\/p>\n<div id=\"outstream_article\" data-id=\"108\" data-m=\"{&quot;i&quot;:108,&quot;p&quot;:106,&quot;n&quot;:&quot;article-inlineOutstreamAd&quot;,&quot;t&quot;:&quot;inlineOutstreamAd&quot;,&quot;o&quot;:2}\">\n<div id=\"inlineoutstreamcontainer\" class=\"inlineOutstreamContainer\">\n<div id=\"apn_display_container_jw5zfojjsj\" class=\"\">\n<div id=\"apn_display_container_jw5zfojjsj_apn_expandable_1621302977009792\"><span style=\"color: #000000; font-family: 'PT Serif', sans-serif; font-size: inherit;\">Cabe mencionar que Miguel tiene casa en Monterrey, aunque por el momento est\u00e1 en calidad de renta; sin embargo, eso no ser\u00eda ning\u00fan inconveniente para su retorno a la ciudad.<\/span><\/div>\n<\/div>\n<\/div>\n<\/div>\n<p>Incluso, el Piojo est\u00e1 convencido de que la afici\u00f3n de Tigres no lo tiene encasillado a que fue un timonel del Monterrey, pues considera no dur\u00f3 tanto tiempo con la Pandilla, aunque s\u00ed dur\u00f3 en el tim\u00f3n tres torneos y medio.<\/p>\n<p>Con su llegada vendr\u00e1n tambi\u00e9n como parte de su\u00a0cuerpo t\u00e9cnico, su yerno\u00a0<b>\u00d3scar Escobae, \u00c1lvaro galindo, Jos\u00e9 Torruco, Giber Becerra y Jos\u00e9 Rangel<\/b>, aunque este \u00faltimo, preparador f\u00edsico, no hab\u00eda sido del todo aceptado por parte del club felino.<\/p>\n","protected":false},"excerpt":{"rendered":"","protected":false},"author":1,"featured_media":2922791,"comment_status":"open","ping_status":"closed","sticky":false,"template":"","format":"standard","meta":{"footnotes":""},"categories":[32],"tags":[595],"class_list":["post-2922790","post","type-post","status-publish","format-standard","has-post-thumbnail","hentry","category-soccer","tag-destacado"],"_links":{"self":[{"href":"https:\/\/agpnoticias.com\/news\/index.php?rest_route=\/wp\/v2\/posts\/2922790","targetHints":{"allow":["GET"]}}],"collection":[{"href":"https:\/\/agpnoticias.com\/news\/index.php?rest_route=\/wp\/v2\/posts"}],"about":[{"href":"https:\/\/agpnoticias.com\/news\/index.php?rest_route=\/wp\/v2\/types\/post"}],"author":[{"embeddable":true,"href":"https:\/\/agpnoticias.com\/news\/index.php?rest_route=\/wp\/v2\/users\/1"}],"replies":[{"embeddable":true,"href":"https:\/\/agpnoticias.com\/news\/index.php?rest_route=%2Fwp%2Fv2%2Fcomments&post=2922790"}],"version-history":[{"count":1,"href":"https:\/\/agpnoticias.com\/news\/index.php?rest_route=\/wp\/v2\/posts\/2922790\/revisions"}],"predecessor-version":[{"id":2922792,"href":"https:\/\/agpnoticias.com\/news\/index.php?rest_route=\/wp\/v2\/posts\/2922790\/revisions\/2922792"}],"wp:featuredmedia":[{"embeddable":true,"href":"https:\/\/agpnoticias.com\/news\/index.php?rest_route=\/wp\/v2\/media\/2922791"}],"wp:attachment":[{"href":"https:\/\/agpnoticias.com\/news\/index.php?rest_route=%2Fwp%2Fv2%2Fmedia&parent=2922790"}],"wp:term":[{"taxonomy":"category","embeddable":true,"href":"https:\/\/agpnoticias.com\/news\/index.php?rest_route=%2Fwp%2Fv2%2Fcategories&post=2922790"},{"taxonomy":"post_tag","embeddable":true,"href":"https:\/\/agpnoticias.com\/news\/index.php?rest_route=%2Fwp%2Fv2%2Ftags&post=2922790"}],"curies":[{"name":"wp","href":"https:\/\/api.w.org\/{rel}","templated":true}]}}