{"id":2922796,"date":"2021-05-17T20:30:27","date_gmt":"2021-05-18T03:30:27","guid":{"rendered":"https:\/\/agpnoticias.com\/news\/?p=2922796"},"modified":"2021-05-17T20:30:30","modified_gmt":"2021-05-18T03:30:30","slug":"asi-fue-la-boda-de-saul-canelo-alvarez-y-fernanda-gomez","status":"publish","type":"post","link":"https:\/\/agpnoticias.com\/news\/?p=2922796","title":{"rendered":"As\u00ed fue la boda de Sa\u00fal \u2018Canelo\u2019 \u00c1lvarez y Fernanda G\u00f3mez"},"content":{"rendered":"\n<p>\u00a1Sorpresa! Sa\u00fal \u2018Canelo\u2019 \u00c1lvarez y Fernanda G\u00f3mez se dieron el \u2018S\u00ed, acepto\u2019, en una ceremonia privada en Punta de Mita, M\u00e9xico. Una boda por el civil a la que asistieron sus amigos y familiares m\u00e1s cercanos.<\/p>\n<p>Fue a trav\u00e9s de redes sociales que pudimos ver algunos detalles de la lujosa y exclusiva boda del pugilista mexicano, que se celebr\u00f3 en Punta Mita, Nayarit, este s\u00e1bado 15 de mayo.<\/p>\n<p>La pareja, aunque herm\u00e9tica en temas personales, no pudo evitar que sus invitados divulgaran fotos y videos del enlace, donde pudimos ver algunos detalles de la boda entre el boxeador y la modelo.<\/p>\n<p><span class=\"storyimage smallfullwidth inlineimage\" data-aop=\"image\"><span class=\"image\" data-attrib=\"Proporcionado por Caras\" data-caption=\"Foto: Instagram\" data-id=\"103\" data-m=\"{&quot;i&quot;:103,&quot;p&quot;:102,&quot;n&quot;:&quot;openModal&quot;,&quot;t&quot;:&quot;articleImages&quot;,&quot;o&quot;:1}\"><img decoding=\"async\" class=\"loaded\" src=\"https:\/\/img-s-msn-com.akamaized.net\/tenant\/amp\/entityid\/BB1gQbOv.img?h=400&amp;w=240&amp;m=6&amp;q=60&amp;o=f&amp;l=f\" alt=\"Foto: Instagram\" data-src=\"{&quot;default&quot;:{&quot;load&quot;:&quot;default&quot;,&quot;w&quot;:&quot;24&quot;,&quot;h&quot;:&quot;40&quot;,&quot;src&quot;:&quot;\/\/img-s-msn-com.akamaized.net\/tenant\/amp\/entityid\/BB1gQbOv.img?h=400&amp;w=240&amp;m=6&amp;q=60&amp;o=f&amp;l=f&quot;}}\" \/><\/span><span class=\"caption truncate\"><span class=\"attribution\">\u00a9 Proporcionado por Caras<\/span>\u00a0Foto: Instagram<\/span><\/span><\/p>\n<h4><strong>El vestido<\/strong><\/h4>\n<p>Fernanda eligi\u00f3 la firma del dise\u00f1ador mexicano Benito Santos para este d\u00eda tan especial. Su vestido, digno de una princesa, era de corte recto, hombros descubiertos y de mangas largas.<\/p>\n<p>Destacaba el acabado de pedrer\u00eda en todo el outfit que la hizo brillar de una manera muy especial. El dise\u00f1o contaba con una gran cola y, como detalle especial, su vestido ten\u00eda una mantilla transparente que colgaba de su espalda hacia el piso.<\/p>\n<p><span class=\"storyimage smallfullwidth inlineimage\" data-aop=\"image\"><span class=\"image\" data-attrib=\"Proporcionado por Caras\" data-caption=\"Foto: Instagram\" data-id=\"104\" data-m=\"{&quot;i&quot;:104,&quot;p&quot;:102,&quot;n&quot;:&quot;openModal&quot;,&quot;t&quot;:&quot;articleImages&quot;,&quot;o&quot;:2}\"><img decoding=\"async\" class=\"loaded\" src=\"https:\/\/img-s-msn-com.akamaized.net\/tenant\/amp\/entityid\/BB1gQ2kS.img?h=400&amp;w=240&amp;m=6&amp;q=60&amp;o=f&amp;l=f&amp;x=455&amp;y=318\" alt=\"Foto: Instagram\" data-src=\"{&quot;default&quot;:{&quot;load&quot;:&quot;default&quot;,&quot;w&quot;:&quot;24&quot;,&quot;h&quot;:&quot;40&quot;,&quot;src&quot;:&quot;\/\/img-s-msn-com.akamaized.net\/tenant\/amp\/entityid\/BB1gQ2kS.img?h=400&amp;w=240&amp;m=6&amp;q=60&amp;o=f&amp;l=f&amp;x=455&amp;y=318&quot;}}\" \/><\/span><span class=\"caption truncate\"><span class=\"attribution\">\u00a9 Proporcionado por Caras<\/span>\u00a0Foto: Instagram<\/span><\/span><\/p>\n<p>La novia opt\u00f3 por un peinado con coleta trenzada y una discreta tiara que le dio un look nupcial muy chic y en tendencia. Adem\u00e1s, para\u00a0 que su vestido fuera el protagonista, Fernanda eligi\u00f3 no usar accesorios como complemento de su look nupcial.<\/p>\n<p>El \u2018Canelo\u2019, por su parte, eligi\u00f3 un traje de lino en color beige<em>\u00a0ad hoc<\/em> al lugar. Lo combin\u00f3 con una camisa blanca y zapatos caf\u00e9.<\/p>\n<h4><strong>La recepci\u00f3n\u00a0<\/strong><\/h4>\n<p>Los invitados disfrutaron de una lujosa recepci\u00f3n para celebrar a los reci\u00e9n casados. Mesas y sal\u00f3n fueron adornados con cientos de flores blancas, vajilla a juego y copas que lucieron en las mesas con espejos.<\/p>\n<p>Los novios eligieron el tema \u2018Am\u00e1rrame\u2019 de Mont Laferte para su primer baile de casados, y qu\u00e9 mejor manera de hacerlo que teniendo a la cantante chilena entonando la canci\u00f3n junto a ellos en la pista de baile.<\/p>\n<p>Trascendi\u00f3 que posteriormente Los Angeles Azules fueron quienes se encargaron de animar la fiesta, poniendo ritmo a los invitados a la boda.<\/p>\n<p><span class=\"storyimage smallfullwidth inlineimage\" data-aop=\"image\"><span class=\"image\" data-attrib=\"Proporcionado por Caras\" data-caption=\"Foto: Instagram\" data-id=\"106\" data-m=\"{&quot;i&quot;:106,&quot;p&quot;:102,&quot;n&quot;:&quot;openModal&quot;,&quot;t&quot;:&quot;articleImages&quot;,&quot;o&quot;:4}\"><img decoding=\"async\" class=\"loaded aligncenter\" src=\"https:\/\/img-s-msn-com.akamaized.net\/tenant\/amp\/entityid\/BB1gQ7DB.img?h=400&amp;w=240&amp;m=6&amp;q=60&amp;o=f&amp;l=f\" alt=\"Foto: Instagram\" data-src=\"{&quot;default&quot;:{&quot;load&quot;:&quot;default&quot;,&quot;w&quot;:&quot;24&quot;,&quot;h&quot;:&quot;40&quot;,&quot;src&quot;:&quot;\/\/img-s-msn-com.akamaized.net\/tenant\/amp\/entityid\/BB1gQ7DB.img?h=400&amp;w=240&amp;m=6&amp;q=60&amp;o=f&amp;l=f&quot;}}\" \/><\/span><\/span><\/p>\n<h4><strong>Los invitados<\/strong><\/h4>\n<p>Al tratarse de un evento exclusivo y privado, los novios hicieron que sus invitados llegaran al lugar en carritos de golf (uno de los deportes predilectos de el \u2018Canelo\u2019).<\/p>\n<p>Una vez que el juez los declar\u00f3 oficialmente marido y mujer,\u00a0la celebraci\u00f3n continu\u00f3 con un banquete, mismo que estuvo amenizado por nada m\u00e1s y nada menos que por Mon Laferte.<\/p>\n<p><span class=\"storyimage smallfullwidth inlineimage\" data-aop=\"image\"><span class=\"image\" data-attrib=\"Proporcionado por Caras\" data-caption=\"Foto: Instagram\" data-id=\"107\" data-m=\"{&quot;i&quot;:107,&quot;p&quot;:102,&quot;n&quot;:&quot;openModal&quot;,&quot;t&quot;:&quot;articleImages&quot;,&quot;o&quot;:5}\"><img decoding=\"async\" class=\"loaded aligncenter\" src=\"https:\/\/img-s-msn-com.akamaized.net\/tenant\/amp\/entityid\/BB1gQ0y6.img?h=400&amp;w=240&amp;m=6&amp;q=60&amp;o=f&amp;l=f\" alt=\"Foto: Instagram\" data-src=\"{&quot;default&quot;:{&quot;load&quot;:&quot;default&quot;,&quot;w&quot;:&quot;24&quot;,&quot;h&quot;:&quot;40&quot;,&quot;src&quot;:&quot;\/\/img-s-msn-com.akamaized.net\/tenant\/amp\/entityid\/BB1gQ0y6.img?h=400&amp;w=240&amp;m=6&amp;q=60&amp;o=f&amp;l=f&quot;}}\" \/><\/span><\/span><\/p>\n","protected":false},"excerpt":{"rendered":"<p>El pugilista mexicano contrajo matrimonio por lo civil con Fernanda G\u00f3mez este s\u00e1bado 15 de mayo.<\/p>\n","protected":false},"author":1,"featured_media":2922797,"comment_status":"open","ping_status":"closed","sticky":false,"template":"","format":"standard","meta":{"footnotes":""},"categories":[405],"tags":[],"class_list":["post-2922796","post","type-post","status-publish","format-standard","has-post-thumbnail","hentry","category-sin-categoria-es"],"_links":{"self":[{"href":"https:\/\/agpnoticias.com\/news\/index.php?rest_route=\/wp\/v2\/posts\/2922796","targetHints":{"allow":["GET"]}}],"collection":[{"href":"https:\/\/agpnoticias.com\/news\/index.php?rest_route=\/wp\/v2\/posts"}],"about":[{"href":"https:\/\/agpnoticias.com\/news\/index.php?rest_route=\/wp\/v2\/types\/post"}],"author":[{"embeddable":true,"href":"https:\/\/agpnoticias.com\/news\/index.php?rest_route=\/wp\/v2\/users\/1"}],"replies":[{"embeddable":true,"href":"https:\/\/agpnoticias.com\/news\/index.php?rest_route=%2Fwp%2Fv2%2Fcomments&post=2922796"}],"version-history":[{"count":1,"href":"https:\/\/agpnoticias.com\/news\/index.php?rest_route=\/wp\/v2\/posts\/2922796\/revisions"}],"predecessor-version":[{"id":2922798,"href":"https:\/\/agpnoticias.com\/news\/index.php?rest_route=\/wp\/v2\/posts\/2922796\/revisions\/2922798"}],"wp:featuredmedia":[{"embeddable":true,"href":"https:\/\/agpnoticias.com\/news\/index.php?rest_route=\/wp\/v2\/media\/2922797"}],"wp:attachment":[{"href":"https:\/\/agpnoticias.com\/news\/index.php?rest_route=%2Fwp%2Fv2%2Fmedia&parent=2922796"}],"wp:term":[{"taxonomy":"category","embeddable":true,"href":"https:\/\/agpnoticias.com\/news\/index.php?rest_route=%2Fwp%2Fv2%2Fcategories&post=2922796"},{"taxonomy":"post_tag","embeddable":true,"href":"https:\/\/agpnoticias.com\/news\/index.php?rest_route=%2Fwp%2Fv2%2Ftags&post=2922796"}],"curies":[{"name":"wp","href":"https:\/\/api.w.org\/{rel}","templated":true}]}}