{"id":2923302,"date":"2021-06-01T08:37:12","date_gmt":"2021-06-01T15:37:12","guid":{"rendered":"https:\/\/agpnoticias.com\/news\/?p=2923302"},"modified":"2021-06-01T08:37:14","modified_gmt":"2021-06-01T15:37:14","slug":"amlo-minimiza-violencia-politica-no-es-lo-mismo-que-pasaba-antes","status":"publish","type":"post","link":"https:\/\/agpnoticias.com\/news\/?p=2923302","title":{"rendered":"AMLO minimiza violencia pol\u00edtica: \u201cno es lo mismo que pasaba antes\u201d"},"content":{"rendered":"\n<p><strong>Andr\u00e9s Manuel L\u00f3pez Obrador<\/strong>, presidente de\u00a0<strong>M\u00e9xico<\/strong>, afirm\u00f3 que el clima de\u00a0<strong>violencia pol\u00edtica<\/strong>\u00a0que se vive en la actualidad no es la misma que la que ocurr\u00eda en a\u00f1os anteriores.<\/p>\n<p>Esta ma\u00f1ana en\u00a0<strong>Palacio Nacional<\/strong>, el mandatario mexicano asegur\u00f3 que hay\u00a0<strong>condiciones<\/strong>\u00a0en todo el pa\u00eds para que se lleven a cabo las\u00a0<strong>elecciones<\/strong>\u00a0intermedias este domingo.<\/p>\n<p>\u201cEn todas lados hay condiciones (para que se ejerza el voto), han querido tambi\u00e9n dar a conocer que hay mucha violencia con motivo de las elecciones, como es un tema muy delicado, hemos sido cuidadosos de hablar de lo que suced\u00eda antes\u201d, expuso.<\/p>\n<blockquote>\n<p>Les puedo decir que a\u00fan siendo la elecci\u00f3n m\u00e1s grande en los \u00faltimos tiempos en cuanto al n\u00famero de candidatos que se van a elegir, a\u00fan con los hechos lamentables de violencia, no es lo mismo que lo que pasaba antes y lo puedo probar, nada m\u00e1s que nos vamos a poder comparar el n\u00famero de\u00a0fallecidos, no queremos que nadie pierda la vida\u201d, asever\u00f3.<\/p>\n<\/blockquote>\n<p>Con al menos 89 pol\u00edticos asesinados, 35 de los cuales eran aspirantes o candidatos, seg\u00fan la consultora Etellekt, la presenta campa\u00f1a mexicana est\u00e1 marcada por la violencia.<\/p>\n<p>En M\u00e9xico, la violencia pol\u00edtico-electoral se ha recrudecido en la recta final de la campa\u00f1a de las elecciones intermedias, consideradas las m\u00e1s amplias de la historia del pa\u00eds.<\/p>\n<p>De acuerdo con la consultora\u00a0<strong>Etellekt<\/strong>, al menos 89 pol\u00edticos han sido asesinados durante el actual proceso electoral iniciado en septiembre pasado, 35 de los cuales eran aspirantes o candidatos.<\/p>\n<p><strong>M\u00e9xico<\/strong>\u00a0tendr\u00e1 las elecciones m\u00e1s grandes de su historia el pr\u00f3ximo\u00a0<strong>6 de junio<\/strong>, cuando casi 93,5 millones est\u00e1n llamados a votar por los 500 diputados federales, 15 de 32 gobernadores estatales, 30 Congresos locales y mil 900 Ayuntamientos.<\/p>\n<p>Con informaci\u00f3n de L\u00f3pez-D\u00f3riga Digital y EFE<\/p>\n","protected":false},"excerpt":{"rendered":"","protected":false},"author":1,"featured_media":2923303,"comment_status":"open","ping_status":"closed","sticky":false,"template":"","format":"standard","meta":{"footnotes":""},"categories":[1],"tags":[],"class_list":["post-2923302","post","type-post","status-publish","format-standard","has-post-thumbnail","hentry","category-uncategorized"],"_links":{"self":[{"href":"https:\/\/agpnoticias.com\/news\/index.php?rest_route=\/wp\/v2\/posts\/2923302","targetHints":{"allow":["GET"]}}],"collection":[{"href":"https:\/\/agpnoticias.com\/news\/index.php?rest_route=\/wp\/v2\/posts"}],"about":[{"href":"https:\/\/agpnoticias.com\/news\/index.php?rest_route=\/wp\/v2\/types\/post"}],"author":[{"embeddable":true,"href":"https:\/\/agpnoticias.com\/news\/index.php?rest_route=\/wp\/v2\/users\/1"}],"replies":[{"embeddable":true,"href":"https:\/\/agpnoticias.com\/news\/index.php?rest_route=%2Fwp%2Fv2%2Fcomments&post=2923302"}],"version-history":[{"count":1,"href":"https:\/\/agpnoticias.com\/news\/index.php?rest_route=\/wp\/v2\/posts\/2923302\/revisions"}],"predecessor-version":[{"id":2923304,"href":"https:\/\/agpnoticias.com\/news\/index.php?rest_route=\/wp\/v2\/posts\/2923302\/revisions\/2923304"}],"wp:featuredmedia":[{"embeddable":true,"href":"https:\/\/agpnoticias.com\/news\/index.php?rest_route=\/wp\/v2\/media\/2923303"}],"wp:attachment":[{"href":"https:\/\/agpnoticias.com\/news\/index.php?rest_route=%2Fwp%2Fv2%2Fmedia&parent=2923302"}],"wp:term":[{"taxonomy":"category","embeddable":true,"href":"https:\/\/agpnoticias.com\/news\/index.php?rest_route=%2Fwp%2Fv2%2Fcategories&post=2923302"},{"taxonomy":"post_tag","embeddable":true,"href":"https:\/\/agpnoticias.com\/news\/index.php?rest_route=%2Fwp%2Fv2%2Ftags&post=2923302"}],"curies":[{"name":"wp","href":"https:\/\/api.w.org\/{rel}","templated":true}]}}