{"id":2924903,"date":"2021-07-08T20:25:25","date_gmt":"2021-07-09T03:25:25","guid":{"rendered":"https:\/\/agpnoticias.com\/news\/?p=2924903"},"modified":"2021-07-08T20:28:16","modified_gmt":"2021-07-09T03:28:16","slug":"concentran-las-selecciones-de-softbol-en-todo-baja-california","status":"publish","type":"post","link":"https:\/\/agpnoticias.com\/news\/?p=2924903","title":{"rendered":"Concentran las selecciones de softbol en todo Baja California"},"content":{"rendered":"\n<p class=\"p1\"><span class=\"s1\">Ensenada, Baja California.- Las selecciones menores de softbol de Baja California se alistan para participar en los Nacionales de sus respectivas categor\u00edas.<\/span><\/p>\n<p class=\"p1\"><span class=\"s1\">Por esa raz\u00f3n, el pr\u00f3ximo fin de semana se concentrar\u00e1n en Tecate, Mexicali, Rosarito, Tijuana y Ensenada.<\/span><\/p>\n<p class=\"p1\"><span class=\"s1\">Ricardo Meza M\u00e1rquez, presidente de la Asociaci\u00f3n Estatal de Softbol de Baja California, anunci\u00f3 que los representativos peninsulares femeniles Sub 10, Sub 12 y Sub 14, trabajan con miras al Campeonato Nacional, que disputar\u00e1 del 7 al 11 de agosto en Monterrey, Nuevo Le\u00f3n.<\/span><\/p>\n<p class=\"p1\"><span class=\"s1\">\u201cLas Selecciones Sub 10 y Sub 12 entrenar\u00e1n el s\u00e1bado desde las 11 de la ma\u00f1ana, en los campos de la Liga Tijuana Mesa de Otay, y la Sub 14 varonil, que jugar\u00e1 su Nacional del 14 al 18 de julio en Guanajuato, lo har\u00e1 el viernes a las seis de la tarde, en el campo de la unidad deportiva Independencia de Mexicali\u201d, inform\u00f3 Meza.<\/span><\/p>\n<p class=\"p1\"><span class=\"s1\">Tambi\u00e9n el s\u00e1bado, pero teniendo como anfitriona a la Liga Municipal de Tecate, a las 11 de la ma\u00f1ana y una de la tarde, estar\u00e1n enfrentando los equipos varoniles Sub 17 y Sub 19.<\/span><\/p>\n<p class=\"p1\"><span class=\"s1\">\u201cLa Sub 17 tiene programado su Nacional en Guanajuato, y la Sub 19, ir\u00e1 a los Juegos Nacionales Conade del 30 de julio al cinco de agosto\u201d, coment\u00f3.<\/span><\/p>\n<p class=\"p1\"><span class=\"s1\">El domingo, a partir de las 11 de la ma\u00f1ana, tocar\u00e1 turno al escuadr\u00f3n femeniles Sub 16 y 19 -Juegos Nacionales Conade- en los campos de la Liga Municipal de Tijuana y Manuel \u201cCepillo\u201d Salgado de Ensenada, respectivamente.<\/span><\/p>\n<p class=\"p1\"><span class=\"s1\">Ese mismo d\u00eda, las jugadoras del combinado Sub 14, fueron convocadas en la unidad deportiva de Rosarito.<\/span><\/p>\n<p><em>Informaci\u00f3n: \u00c1ngel Dom\u00ednguez.<\/em><\/p>\n","protected":false},"excerpt":{"rendered":"","protected":false},"author":1,"featured_media":2924905,"comment_status":"open","ping_status":"closed","sticky":false,"template":"","format":"standard","meta":{"footnotes":""},"categories":[66],"tags":[595],"class_list":["post-2924903","post","type-post","status-publish","format-standard","has-post-thumbnail","hentry","category-softbol","tag-destacado"],"_links":{"self":[{"href":"https:\/\/agpnoticias.com\/news\/index.php?rest_route=\/wp\/v2\/posts\/2924903","targetHints":{"allow":["GET"]}}],"collection":[{"href":"https:\/\/agpnoticias.com\/news\/index.php?rest_route=\/wp\/v2\/posts"}],"about":[{"href":"https:\/\/agpnoticias.com\/news\/index.php?rest_route=\/wp\/v2\/types\/post"}],"author":[{"embeddable":true,"href":"https:\/\/agpnoticias.com\/news\/index.php?rest_route=\/wp\/v2\/users\/1"}],"replies":[{"embeddable":true,"href":"https:\/\/agpnoticias.com\/news\/index.php?rest_route=%2Fwp%2Fv2%2Fcomments&post=2924903"}],"version-history":[{"count":2,"href":"https:\/\/agpnoticias.com\/news\/index.php?rest_route=\/wp\/v2\/posts\/2924903\/revisions"}],"predecessor-version":[{"id":2924910,"href":"https:\/\/agpnoticias.com\/news\/index.php?rest_route=\/wp\/v2\/posts\/2924903\/revisions\/2924910"}],"wp:featuredmedia":[{"embeddable":true,"href":"https:\/\/agpnoticias.com\/news\/index.php?rest_route=\/wp\/v2\/media\/2924905"}],"wp:attachment":[{"href":"https:\/\/agpnoticias.com\/news\/index.php?rest_route=%2Fwp%2Fv2%2Fmedia&parent=2924903"}],"wp:term":[{"taxonomy":"category","embeddable":true,"href":"https:\/\/agpnoticias.com\/news\/index.php?rest_route=%2Fwp%2Fv2%2Fcategories&post=2924903"},{"taxonomy":"post_tag","embeddable":true,"href":"https:\/\/agpnoticias.com\/news\/index.php?rest_route=%2Fwp%2Fv2%2Ftags&post=2924903"}],"curies":[{"name":"wp","href":"https:\/\/api.w.org\/{rel}","templated":true}]}}