{"id":2924904,"date":"2021-07-08T20:24:19","date_gmt":"2021-07-09T03:24:19","guid":{"rendered":"https:\/\/agpnoticias.com\/news\/?p=2924904"},"modified":"2021-07-08T20:24:22","modified_gmt":"2021-07-09T03:24:22","slug":"gobernadora-electa-marina-del-pilar-sera-mama","status":"publish","type":"post","link":"https:\/\/agpnoticias.com\/news\/?p=2924904","title":{"rendered":"Gobernadora electa, Marina del Pilar \u00a1ser\u00e1 mam\u00e1!"},"content":{"rendered":"\n<p>\u00a0La gobernadora electa, Marina del Pilar \u00c1vila Olmeda, y su esposo, el exdiputado local Carlos Torres, ser\u00e1n pap\u00e1s en unos meses, seg\u00fan dio a conocer este jueves la propia alcaldesa de Mexicali con licencia.<\/p>\n<p>A trav\u00e9s de una fotograf\u00eda subida a su cuenta de Facebook, y con el mensaje \u201cNo cabe duda que ha sido un a\u00f1o lleno de bendiciones!!\u201d, \u00c1vila Olmeda aparece mostrando un papel con lo que parece ser un ultrasonido acompa\u00f1ado de la leyenda \u201cser\u00e1s mam\u00e1\u201d.<\/p>\n<p>\u00c1vila Olmeda iniciar\u00e1 sus funciones como gobernadora de Baja California, el pr\u00f3ximo 1 de noviembre, para un periodo de seis a\u00f1os.<\/p>\n<p>CON INFORMACION DE WWW.AFNTIJUANA.INFO\u00a0<\/p>\n","protected":false},"excerpt":{"rendered":"","protected":false},"author":1,"featured_media":2924906,"comment_status":"open","ping_status":"closed","sticky":false,"template":"","format":"standard","meta":{"footnotes":""},"categories":[1],"tags":[],"class_list":["post-2924904","post","type-post","status-publish","format-standard","has-post-thumbnail","hentry","category-uncategorized"],"_links":{"self":[{"href":"https:\/\/agpnoticias.com\/news\/index.php?rest_route=\/wp\/v2\/posts\/2924904","targetHints":{"allow":["GET"]}}],"collection":[{"href":"https:\/\/agpnoticias.com\/news\/index.php?rest_route=\/wp\/v2\/posts"}],"about":[{"href":"https:\/\/agpnoticias.com\/news\/index.php?rest_route=\/wp\/v2\/types\/post"}],"author":[{"embeddable":true,"href":"https:\/\/agpnoticias.com\/news\/index.php?rest_route=\/wp\/v2\/users\/1"}],"replies":[{"embeddable":true,"href":"https:\/\/agpnoticias.com\/news\/index.php?rest_route=%2Fwp%2Fv2%2Fcomments&post=2924904"}],"version-history":[{"count":1,"href":"https:\/\/agpnoticias.com\/news\/index.php?rest_route=\/wp\/v2\/posts\/2924904\/revisions"}],"predecessor-version":[{"id":2924907,"href":"https:\/\/agpnoticias.com\/news\/index.php?rest_route=\/wp\/v2\/posts\/2924904\/revisions\/2924907"}],"wp:featuredmedia":[{"embeddable":true,"href":"https:\/\/agpnoticias.com\/news\/index.php?rest_route=\/wp\/v2\/media\/2924906"}],"wp:attachment":[{"href":"https:\/\/agpnoticias.com\/news\/index.php?rest_route=%2Fwp%2Fv2%2Fmedia&parent=2924904"}],"wp:term":[{"taxonomy":"category","embeddable":true,"href":"https:\/\/agpnoticias.com\/news\/index.php?rest_route=%2Fwp%2Fv2%2Fcategories&post=2924904"},{"taxonomy":"post_tag","embeddable":true,"href":"https:\/\/agpnoticias.com\/news\/index.php?rest_route=%2Fwp%2Fv2%2Ftags&post=2924904"}],"curies":[{"name":"wp","href":"https:\/\/api.w.org\/{rel}","templated":true}]}}