{"id":2924909,"date":"2021-07-08T20:28:42","date_gmt":"2021-07-09T03:28:42","guid":{"rendered":"https:\/\/agpnoticias.com\/news\/?p=2924909"},"modified":"2021-07-08T20:28:46","modified_gmt":"2021-07-09T03:28:46","slug":"final-de-la-copa-america-sera-sin-publico","status":"publish","type":"post","link":"https:\/\/agpnoticias.com\/news\/?p=2924909","title":{"rendered":"Final de la Copa Am\u00e9rica ser\u00e1 sin p\u00fablico"},"content":{"rendered":"\n<p>De acuerdo a TyC Sports la Prefectura de R\u00edo de Janeiro rechaz\u00f3 un pedido de la Conmebol para que hubiera\u00a0seguidores en el Maracan\u00e1 el s\u00e1bado entrante, cuando se enfrenten Brasil y Argentina.<\/p>\n<p>\u00abLa idea que ten\u00edan en Conmebol era que cada seleccionado tuviera a disposici\u00f3n dos mil entradas, aunque las mismas no iba a ser vendidas\u00bb, dice el texto de la nota.<\/p>\n<p>Los boletos iban a ser repartidos entre los familiares y amigos de los jugadores de ambos equipos. Tambi\u00e9n se ten\u00eda pensado tener algunos invitados oficiales.<\/p>\n<p>En la propuesta se marcaba que todo aquel que buscara entrar al partido deber\u00eda mostrar una prueba negativa a Covid-19 y portar el cubrebocas durante todo el tiempo.<\/p>\n<p><b>T\u00edtulo con goleada<\/b><\/p>\n<p>Jair Bolsonaro, presidente de Brasil, tiene amplia confianza de que la Verdeamarela se quedar\u00e1 con el t\u00edtulo de la Copa Am\u00e9rica 2021.<\/p>\n<p>\u00abEl s\u00e1bado le ganamos a Argentina por cinco a cero. La \u00fanica rivalidad entre nuestros pa\u00edses ser\u00e1 el s\u00e1bado en el Maracan\u00e1\u00bb, afirm\u00f3 el mandatario.<\/p>\n","protected":false},"excerpt":{"rendered":"","protected":false},"author":1,"featured_media":2924911,"comment_status":"open","ping_status":"closed","sticky":false,"template":"","format":"standard","meta":{"footnotes":""},"categories":[32],"tags":[595],"class_list":["post-2924909","post","type-post","status-publish","format-standard","has-post-thumbnail","hentry","category-soccer","tag-destacado"],"_links":{"self":[{"href":"https:\/\/agpnoticias.com\/news\/index.php?rest_route=\/wp\/v2\/posts\/2924909","targetHints":{"allow":["GET"]}}],"collection":[{"href":"https:\/\/agpnoticias.com\/news\/index.php?rest_route=\/wp\/v2\/posts"}],"about":[{"href":"https:\/\/agpnoticias.com\/news\/index.php?rest_route=\/wp\/v2\/types\/post"}],"author":[{"embeddable":true,"href":"https:\/\/agpnoticias.com\/news\/index.php?rest_route=\/wp\/v2\/users\/1"}],"replies":[{"embeddable":true,"href":"https:\/\/agpnoticias.com\/news\/index.php?rest_route=%2Fwp%2Fv2%2Fcomments&post=2924909"}],"version-history":[{"count":1,"href":"https:\/\/agpnoticias.com\/news\/index.php?rest_route=\/wp\/v2\/posts\/2924909\/revisions"}],"predecessor-version":[{"id":2924912,"href":"https:\/\/agpnoticias.com\/news\/index.php?rest_route=\/wp\/v2\/posts\/2924909\/revisions\/2924912"}],"wp:featuredmedia":[{"embeddable":true,"href":"https:\/\/agpnoticias.com\/news\/index.php?rest_route=\/wp\/v2\/media\/2924911"}],"wp:attachment":[{"href":"https:\/\/agpnoticias.com\/news\/index.php?rest_route=%2Fwp%2Fv2%2Fmedia&parent=2924909"}],"wp:term":[{"taxonomy":"category","embeddable":true,"href":"https:\/\/agpnoticias.com\/news\/index.php?rest_route=%2Fwp%2Fv2%2Fcategories&post=2924909"},{"taxonomy":"post_tag","embeddable":true,"href":"https:\/\/agpnoticias.com\/news\/index.php?rest_route=%2Fwp%2Fv2%2Ftags&post=2924909"}],"curies":[{"name":"wp","href":"https:\/\/api.w.org\/{rel}","templated":true}]}}