{"id":2925003,"date":"2021-07-10T22:55:31","date_gmt":"2021-07-11T05:55:31","guid":{"rendered":"https:\/\/agpnoticias.com\/news\/?p=2925003"},"modified":"2021-07-10T22:55:34","modified_gmt":"2021-07-11T05:55:34","slug":"ensenadense-eder-frayre-viajo-a-hiroshima-previo-a-juegos-olimpicos","status":"publish","type":"post","link":"https:\/\/agpnoticias.com\/news\/?p=2925003","title":{"rendered":"Ensenadense Eder Frayre viaj\u00f3 a Hiroshima, previo a Juegos Ol\u00edmpicos"},"content":{"rendered":"\n<p>Ciudad de M\u00e9xico.- Con la finalidad de realizar un campamento de preparaci\u00f3n en Hiroshima antes de competir en los Juegos Ol\u00edmpicos de Tokyo 2020, los ciclistas mexicanos Eder Frayre y Yareli Salazar se trasladan a Jap\u00f3n, donde buscar\u00e1n dar su m\u00e1ximo esfuerzo en la ruta.<br \/><br \/>Frayre se\u00f1al\u00f3 que est\u00e1 contento y emocionado por vivir esa experiencia, aunque ser\u00e1 diferente en comparaci\u00f3n con otros a\u00f1os. \u201cNos tenemos que adaptar y tratar de ser positivos para dar lo mejor de nosotros\u201d.<br \/><br \/>Manifest\u00f3 que no hay presi\u00f3n, sino que hab\u00eda incertidumbre por si se realizaban o no los Juegos Ol\u00edmpicos, ya que ellos (Eder y Yareli) est\u00e1n bien preparados y el trabajo est\u00e1 hecho para buscar un buen resultado.<br \/><br \/>Expuso que los pedalistas que estar\u00e1n en los Juegos Ol\u00edmpicos y que participaron en la Tour de Francia, podr\u00edan llegar con un buen ritmo de competencia o podr\u00edan hacerlo con algo de fatiga y es lo que se debe aprovechar para hacer una buena competencia.<br \/><br \/>\u201cEstar en un equipo de Europa te da un plus, pero tengo la suerte de pertenecer a uno de los mejores de Am\u00e9rica\u201d, expuso el campe\u00f3n nacional de ruta.<\/p>\n<p><a href=\"https:\/\/agpnoticias.com\/news\/ensenadense-eder-frayre-viajo-a-hiroshima-previo-a-juegos-olimpicos\/216603182_4553645831334646_2931419166236841386_n\/\" rel=\"attachment wp-att-2925006\"><img fetchpriority=\"high\" decoding=\"async\" class=\"aligncenter size-full wp-image-2925006\" src=\"https:\/\/agpnoticias.com\/news\/wp-content\/uploads\/2021\/07\/216603182_4553645831334646_2931419166236841386_n-e1625982921975.jpeg\" alt=\"\" width=\"600\" height=\"400\" \/><\/a><br \/><br \/>Agreg\u00f3 que espera reconocer el trayecto de la competencia, ya que se ha dado tiempo de estudiar el mapa de carrera y es como si ya lo conociera, por lo que espera hacer una buena competencia el pr\u00f3ximo 24 de julio en el Circuito Internacional Fuji.<br \/><br \/>Por su parte, Yareli Salazar mencion\u00f3 que viajar\u00e1n a Hiroshima donde permanecer\u00e1n cerca de ocho d\u00edas, luego se trasladar\u00e1n a Tokio para ingresar a la Villa Ol\u00edmpica. \u201cVamos a tratar de aclimatarnos a la humedad que tiene el pa\u00eds y tratar de entrenar lo mejor que se pueda, yo creo que lo vamos hacer solos por la pandemia\u201d.<br \/><br \/>Salazar dijo que no asistir\u00e1 a la justa veraniega con presi\u00f3n y tiene confianza para que todo salga bien el pr\u00f3ximo 25 de julio y espera que los resultados se den ante las mejores del mundo.<br \/><br \/>\u201cEn mi caso, el ciclismo se vive con mucha afici\u00f3n y est\u00e1 llena de gente que te alienta y ahora ser\u00e1 diferente, va hacer un poco m\u00e1s aburrido para mi perspectiva, pero voy a disfrutar al m\u00e1ximo\u201d, indic\u00f3.<br \/><br \/>Tanto Frayre como Salazar estar\u00e1n en Hiroshima para entrenar en un circuito cerrado y luego ir\u00e1n a Tokio para ultimar detalles y arrancar su participaci\u00f3n en la cita ol\u00edmpica que se realizar\u00e1 del 23 de julio al 8 de agosto.<\/p>\n<p><em>Informaci\u00f3n: Comit\u00e9 Ol\u00edmpico Mexicano (COM).<\/em><\/p>\n","protected":false},"excerpt":{"rendered":"","protected":false},"author":1,"featured_media":2925004,"comment_status":"open","ping_status":"closed","sticky":false,"template":"","format":"standard","meta":{"footnotes":""},"categories":[692],"tags":[595],"class_list":["post-2925003","post","type-post","status-publish","format-standard","has-post-thumbnail","hentry","category-ciclismo","tag-destacado"],"_links":{"self":[{"href":"https:\/\/agpnoticias.com\/news\/index.php?rest_route=\/wp\/v2\/posts\/2925003","targetHints":{"allow":["GET"]}}],"collection":[{"href":"https:\/\/agpnoticias.com\/news\/index.php?rest_route=\/wp\/v2\/posts"}],"about":[{"href":"https:\/\/agpnoticias.com\/news\/index.php?rest_route=\/wp\/v2\/types\/post"}],"author":[{"embeddable":true,"href":"https:\/\/agpnoticias.com\/news\/index.php?rest_route=\/wp\/v2\/users\/1"}],"replies":[{"embeddable":true,"href":"https:\/\/agpnoticias.com\/news\/index.php?rest_route=%2Fwp%2Fv2%2Fcomments&post=2925003"}],"version-history":[{"count":2,"href":"https:\/\/agpnoticias.com\/news\/index.php?rest_route=\/wp\/v2\/posts\/2925003\/revisions"}],"predecessor-version":[{"id":2925008,"href":"https:\/\/agpnoticias.com\/news\/index.php?rest_route=\/wp\/v2\/posts\/2925003\/revisions\/2925008"}],"wp:featuredmedia":[{"embeddable":true,"href":"https:\/\/agpnoticias.com\/news\/index.php?rest_route=\/wp\/v2\/media\/2925004"}],"wp:attachment":[{"href":"https:\/\/agpnoticias.com\/news\/index.php?rest_route=%2Fwp%2Fv2%2Fmedia&parent=2925003"}],"wp:term":[{"taxonomy":"category","embeddable":true,"href":"https:\/\/agpnoticias.com\/news\/index.php?rest_route=%2Fwp%2Fv2%2Fcategories&post=2925003"},{"taxonomy":"post_tag","embeddable":true,"href":"https:\/\/agpnoticias.com\/news\/index.php?rest_route=%2Fwp%2Fv2%2Ftags&post=2925003"}],"curies":[{"name":"wp","href":"https:\/\/api.w.org\/{rel}","templated":true}]}}