{"id":2925234,"date":"2021-07-14T16:33:40","date_gmt":"2021-07-14T23:33:40","guid":{"rendered":"https:\/\/agpnoticias.com\/news\/?p=2925234"},"modified":"2021-07-14T16:34:24","modified_gmt":"2021-07-14T23:34:24","slug":"academia-fj-de-ensenada-viste-a-todos-sus-equipos","status":"publish","type":"post","link":"https:\/\/agpnoticias.com\/news\/?p=2925234","title":{"rendered":"Academia FJ de Ensenada viste a todos sus equipos"},"content":{"rendered":"\n<p class=\"p1\">Ensenada, Baja California.- La Academia FJ cit\u00f3 a los integrantes de sus 10 equipos para entregarles los uniformes que vestir\u00e1n durante el ciclo de la Liga de Futbol Infantil y Juvenil de Ensenada.<\/p>\n<p class=\"p1\">El director del espacio que antes oper\u00f3 como Academia Atlas y luego como Centro de Iniciaci\u00f3n Xoloitzcuintle (CIX) consider\u00f3 \u201cimportante la imagen\u201d que se transmite con la presentaci\u00f3n de un uniforme.<\/p>\n<p><a href=\"https:\/\/agpnoticias.com\/news\/academia-fj-de-ensenada-viste-a-todos-sus-equipos\/_gp_9948\/\" rel=\"attachment wp-att-2925238\"><img fetchpriority=\"high\" decoding=\"async\" class=\"aligncenter size-full wp-image-2925238\" src=\"https:\/\/agpnoticias.com\/news\/wp-content\/uploads\/2021\/07\/GP_9948-e1626305489994.jpg\" alt=\"\" width=\"700\" height=\"467\" \/><\/a><\/p>\n<p class=\"p1\">Luego de la aparici\u00f3n de la botarga de FJ, un tibur\u00f3n llamado Carchas, Fernando Espinoza precis\u00f3 que con excepci\u00f3n de la categor\u00eda 2009, en el resto cuenta con representaci\u00f3n, desde la biber\u00f3n (2015-16) hasta los mayores, nacidos en 2005.<span class=\"Apple-converted-space\">\u00a0<\/span><\/p>\n<p class=\"p1\">El cuerpo t\u00e9cnico de las diferentes divisiones es compuesto por Esteban Miranda, Salvador Zazueta, Alexis Pacheco, Jorge Ruelas y Estefan\u00eda P\u00e9rez.<span class=\"Apple-converted-space\">\u00a0<\/span><\/p>\n<p><a href=\"https:\/\/agpnoticias.com\/news\/academia-fj-de-ensenada-viste-a-todos-sus-equipos\/_gp_9923\/\" rel=\"attachment wp-att-2925235\"><img decoding=\"async\" class=\"aligncenter size-full wp-image-2925235\" src=\"https:\/\/agpnoticias.com\/news\/wp-content\/uploads\/2021\/07\/GP_9923-e1626305076235.jpg\" alt=\"\" width=\"700\" height=\"467\" \/><\/a><\/p>\n<p class=\"p1\">Para los interesados en inscribir a sus hijos, los n\u00fameros a disposici\u00f3n son <a href=\"tel:646%209475943\"><span class=\"s1\">646 9475943<\/span><\/a> con Lourdes Mill\u00e1n y <a href=\"tel:646%201191633\"><span class=\"s1\">646 1191633<\/span><\/a> con Fernando Espinoza.<span class=\"Apple-converted-space\">\u00a0<\/span><\/p>\n<p class=\"p1\">\u201cSomos conscientes del da\u00f1o que ha tra\u00eddo consigo la pandemia y somos cuidadosos de respetar el protocolo aprobado por las instituciones de salud\u201d, dijo.<span class=\"Apple-converted-space\">\u00a0<\/span><\/p>\n<p><a href=\"https:\/\/agpnoticias.com\/news\/academia-fj-de-ensenada-viste-a-todos-sus-equipos\/_gp_9966-1\/\" rel=\"attachment wp-att-2925237\"><img decoding=\"async\" class=\"aligncenter size-full wp-image-2925237\" src=\"https:\/\/agpnoticias.com\/news\/wp-content\/uploads\/2021\/07\/GP_9966-1-e1626305466928.jpg\" alt=\"\" width=\"467\" height=\"700\" \/><\/a><\/p>\n<p class=\"p1\">Adem\u00e1s, Fernando Espinoza agradeci\u00f3 los patrocinios a Iteci, Herramientas del Noroeste, Mar Viviente y AGP Deportes.<\/p>\n","protected":false},"excerpt":{"rendered":"","protected":false},"author":1,"featured_media":2925236,"comment_status":"open","ping_status":"closed","sticky":false,"template":"","format":"standard","meta":{"footnotes":""},"categories":[32],"tags":[595],"class_list":["post-2925234","post","type-post","status-publish","format-standard","has-post-thumbnail","hentry","category-soccer","tag-destacado"],"_links":{"self":[{"href":"https:\/\/agpnoticias.com\/news\/index.php?rest_route=\/wp\/v2\/posts\/2925234","targetHints":{"allow":["GET"]}}],"collection":[{"href":"https:\/\/agpnoticias.com\/news\/index.php?rest_route=\/wp\/v2\/posts"}],"about":[{"href":"https:\/\/agpnoticias.com\/news\/index.php?rest_route=\/wp\/v2\/types\/post"}],"author":[{"embeddable":true,"href":"https:\/\/agpnoticias.com\/news\/index.php?rest_route=\/wp\/v2\/users\/1"}],"replies":[{"embeddable":true,"href":"https:\/\/agpnoticias.com\/news\/index.php?rest_route=%2Fwp%2Fv2%2Fcomments&post=2925234"}],"version-history":[{"count":4,"href":"https:\/\/agpnoticias.com\/news\/index.php?rest_route=\/wp\/v2\/posts\/2925234\/revisions"}],"predecessor-version":[{"id":2925242,"href":"https:\/\/agpnoticias.com\/news\/index.php?rest_route=\/wp\/v2\/posts\/2925234\/revisions\/2925242"}],"wp:featuredmedia":[{"embeddable":true,"href":"https:\/\/agpnoticias.com\/news\/index.php?rest_route=\/wp\/v2\/media\/2925236"}],"wp:attachment":[{"href":"https:\/\/agpnoticias.com\/news\/index.php?rest_route=%2Fwp%2Fv2%2Fmedia&parent=2925234"}],"wp:term":[{"taxonomy":"category","embeddable":true,"href":"https:\/\/agpnoticias.com\/news\/index.php?rest_route=%2Fwp%2Fv2%2Fcategories&post=2925234"},{"taxonomy":"post_tag","embeddable":true,"href":"https:\/\/agpnoticias.com\/news\/index.php?rest_route=%2Fwp%2Fv2%2Ftags&post=2925234"}],"curies":[{"name":"wp","href":"https:\/\/api.w.org\/{rel}","templated":true}]}}