{"id":29253,"date":"2013-06-08T14:38:46","date_gmt":"2013-06-08T21:38:46","guid":{"rendered":"http:\/\/agpnoticias.com\/news\/?p=29253"},"modified":"2013-06-08T14:38:46","modified_gmt":"2013-06-08T21:38:46","slug":"urge-estadio-para-ensenada-juan-manuel-arellano","status":"publish","type":"post","link":"https:\/\/agpnoticias.com\/news\/?p=29253","title":{"rendered":"Urge estadio para Ensenada: Juan Manuel Arellano"},"content":{"rendered":"<figure id=\"attachment_29254\" aria-describedby=\"caption-attachment-29254\" style=\"width: 640px\" class=\"wp-caption aligncenter\"><a href=\"http:\/\/agpnoticias.com\/news\/?attachment_id=29254\" rel=\"attachment wp-att-29254\"><img fetchpriority=\"high\" decoding=\"async\" class=\"size-full wp-image-29254\" alt=\"Para el propietario de Marineros, el deportivo Antonio Palacios es insuficiente para las necesidades de la afici\u00f3n de Ensenada\" src=\"http:\/\/agpnoticias.com\/news\/wp-content\/uploads\/2013\/06\/Para-el-propietario-de-Marineros-el-deportivo-Antonio-Palacios-es-insuficiente-para-las-necesidades-de-la-afici\u00f3n-de-Ensenada.jpg\" width=\"640\" height=\"390\" srcset=\"https:\/\/agpnoticias.com\/news\/wp-content\/uploads\/2013\/06\/Para-el-propietario-de-Marineros-el-deportivo-Antonio-Palacios-es-insuficiente-para-las-necesidades-de-la-afici\u00f3n-de-Ensenada.jpg 640w, https:\/\/agpnoticias.com\/news\/wp-content\/uploads\/2013\/06\/Para-el-propietario-de-Marineros-el-deportivo-Antonio-Palacios-es-insuficiente-para-las-necesidades-de-la-afici\u00f3n-de-Ensenada-200x121.jpg 200w\" sizes=\"(max-width: 640px) 100vw, 640px\" \/><\/a><figcaption id=\"caption-attachment-29254\" class=\"wp-caption-text\">Para el propietario de Marineros, el deportivo Antonio Palacios es insuficiente para las necesidades de la afici\u00f3n de Ensenada<\/figcaption><\/figure>\n<p>Ensenada, Baja California.- Para el presidente de los Marineros de Ensenada, nueve temporadas de militancia en la Liga Norte de M\u00e9xico son suficientes para demostrar que la ciudad est\u00e1 lista para recibir una franquicia de la Liga Mexicana o Liga del Pac\u00edfico.<\/p>\n<p>Lo \u00fanico que falta, en opini\u00f3n de Juan Manuel Arellano, es un estadio con la capacidad para recibir a cualquiera de los dos circuitos grandes de M\u00e9xico, ya que los Marineros, desde su fundaci\u00f3n, juegan en el deportivo Antonio Palacios, un campo amateur adaptado para recibir beisbol profesional.<\/p>\n<p>\u201cEl estadio de beisbol es un objetivo que tenemos todos; de llegar concretarse ser\u00eda el parteaguas para que llegue a Ensenada una liga grande, con un impacto mayor, de acuerdo al crecimiento que ha experimentado la ciudad\u201d, coment\u00f3.<\/p>\n<p>El propietario de los Marineros dijo que uno de los candidatos a la alcald\u00eda de Ensenada, Gilberto Hirata, ha promovido la construcci\u00f3n del estadio desde su participaci\u00f3n como diputado federal.<\/p>\n<p>\u201c\u00c9l ha estado muy en contacto con nosotros desde que fue diputado, conoce el proyecto y sabe que lo necesita Ensenada\u201d, refiri\u00f3 sobre la comunicaci\u00f3n con el candidato priista.<\/p>\n<p>La iniciativa privada, dijo, tambi\u00e9n est\u00e1 interesada en el estadio y \u201cuna cervecera ya nos confirm\u00f3 que invertir\u00eda fuertemente en el proyecto\u201d.<\/p>\n<p>El terreno donde se construir\u00eda el estadio es propiedad del Instituto Tecnol\u00f3gico de Ensenada, cuyo director \u201csigue abierto a trabajar de manera conjunta para avanzar con esto\u201d.<\/p>\n<p>&nbsp;<\/p>\n<p><b>Poca gente <\/b><\/p>\n<figure id=\"attachment_29255\" aria-describedby=\"caption-attachment-29255\" style=\"width: 320px\" class=\"wp-caption alignleft\"><a href=\"http:\/\/agpnoticias.com\/news\/?attachment_id=29255\" rel=\"attachment wp-att-29255\"><img decoding=\"async\" class=\"size-medium wp-image-29255\" alt=\"Las entradas al deportivo Antonio Palacios han sido bajas durante el actual torneo de la LNM\" src=\"http:\/\/agpnoticias.com\/news\/wp-content\/uploads\/2013\/06\/Las-entradas-al-deportivo-Antonio-Palacios-han-sido-bajas-durante-el-actual-torneo-de-la-LNM-320x240.jpg\" width=\"320\" height=\"240\" srcset=\"https:\/\/agpnoticias.com\/news\/wp-content\/uploads\/2013\/06\/Las-entradas-al-deportivo-Antonio-Palacios-han-sido-bajas-durante-el-actual-torneo-de-la-LNM-320x240.jpg 320w, https:\/\/agpnoticias.com\/news\/wp-content\/uploads\/2013\/06\/Las-entradas-al-deportivo-Antonio-Palacios-han-sido-bajas-durante-el-actual-torneo-de-la-LNM-640x480.jpg 640w\" sizes=\"(max-width: 320px) 100vw, 320px\" \/><\/a><figcaption id=\"caption-attachment-29255\" class=\"wp-caption-text\">Las entradas al deportivo Antonio Palacios han sido bajas durante el actual torneo de la LNM<\/figcaption><\/figure>\n<p>Sobre las bajas entradas que se han registrado en la temporada 2013 de la Liga Norte de M\u00e9xico, Juan Manuel Arellano consider\u00f3 que \u201cse deben a la crisis econ\u00f3mica que hay en el pa\u00eds\u201d.<\/p>\n<p>\u201cEl torneo ha sido parejo, no ha habido rival peque\u00f1o, pero la situaci\u00f3n econ\u00f3mica repercute en la respuesta de la afici\u00f3n\u201d, afirm\u00f3.<\/p>\n<p>Por lo pronto, \u201cseguimos haciendo promociones en los peri\u00f3dicos, la radio, la televisi\u00f3n y el internet, y esperamos que con el mejor clima que se aproxima y las vacaciones de los j\u00f3venes, tengamos una mejor respuesta tanto en Ensenada como en el resto de las plazas\u201d.<\/p>\n<p>En 2014, dijo,<b> <\/b>\u201cnuestro objetivo es contar con ocho equipos y ya tenemos solicitudes de empresarios de Rosarito y el Valle de Mexicali, quienes podr\u00edan entrar el pr\u00f3ximo torneo\u201d.<\/p>\n<p>\u201cTambi\u00e9n haremos un reintento con las plazas m\u00e1s cercanas de Sonora para que sean el complemento de un espect\u00e1culo m\u00e1s atractivo\u201d, apunt\u00f3.<\/p>\n","protected":false},"excerpt":{"rendered":"<p>Ensenada, Baja California.- Para el presidente de los Marineros de Ensenada, nueve temporadas de militancia&#8230;<\/p>\n","protected":false},"author":1,"featured_media":29254,"comment_status":"closed","ping_status":"closed","sticky":false,"template":"","format":"standard","meta":{"footnotes":""},"categories":[30,7,18],"tags":[],"class_list":["post-29253","post","type-post","status-publish","format-standard","has-post-thumbnail","hentry","category-beisbol","category-deportes","category-marineros-de-ensenada"],"_links":{"self":[{"href":"https:\/\/agpnoticias.com\/news\/index.php?rest_route=\/wp\/v2\/posts\/29253","targetHints":{"allow":["GET"]}}],"collection":[{"href":"https:\/\/agpnoticias.com\/news\/index.php?rest_route=\/wp\/v2\/posts"}],"about":[{"href":"https:\/\/agpnoticias.com\/news\/index.php?rest_route=\/wp\/v2\/types\/post"}],"author":[{"embeddable":true,"href":"https:\/\/agpnoticias.com\/news\/index.php?rest_route=\/wp\/v2\/users\/1"}],"replies":[{"embeddable":true,"href":"https:\/\/agpnoticias.com\/news\/index.php?rest_route=%2Fwp%2Fv2%2Fcomments&post=29253"}],"version-history":[{"count":1,"href":"https:\/\/agpnoticias.com\/news\/index.php?rest_route=\/wp\/v2\/posts\/29253\/revisions"}],"predecessor-version":[{"id":29256,"href":"https:\/\/agpnoticias.com\/news\/index.php?rest_route=\/wp\/v2\/posts\/29253\/revisions\/29256"}],"wp:featuredmedia":[{"embeddable":true,"href":"https:\/\/agpnoticias.com\/news\/index.php?rest_route=\/wp\/v2\/media\/29254"}],"wp:attachment":[{"href":"https:\/\/agpnoticias.com\/news\/index.php?rest_route=%2Fwp%2Fv2%2Fmedia&parent=29253"}],"wp:term":[{"taxonomy":"category","embeddable":true,"href":"https:\/\/agpnoticias.com\/news\/index.php?rest_route=%2Fwp%2Fv2%2Fcategories&post=29253"},{"taxonomy":"post_tag","embeddable":true,"href":"https:\/\/agpnoticias.com\/news\/index.php?rest_route=%2Fwp%2Fv2%2Ftags&post=29253"}],"curies":[{"name":"wp","href":"https:\/\/api.w.org\/{rel}","templated":true}]}}