{"id":2925856,"date":"2021-07-25T22:53:16","date_gmt":"2021-07-26T05:53:16","guid":{"rendered":"https:\/\/agpnoticias.com\/news\/?p=2925856"},"modified":"2021-07-25T22:54:53","modified_gmt":"2021-07-26T05:54:53","slug":"replica-71","status":"publish","type":"post","link":"https:\/\/agpnoticias.com\/news\/?p=2925856","title":{"rendered":"R\u00c9PLICA"},"content":{"rendered":"\n<p><strong>Por Fernando Ribeiro Cham<\/strong><\/p>\n<p class=\"p1\"><span class=\"s1\"><b>Esa medalla, esos logros tambi\u00e9n son de ustedes<\/b><\/span><\/p>\n<p class=\"p1\"><span class=\"s1\">\u201cCon 6, M\u00e9xico sumar\u00eda medalla. Vamos Abuelo, vamos Luis, vamos Alejandra, la esperanza de todo un pa\u00eds, desde Tijuana hasta Tapachula. Sopla el viento, deja que el cron\u00f3metro se consuma, se siente la tensi\u00f3n y lo tiene, medalla para M\u00e9xico, medalla para M\u00e9xico, la primera de los juegos ol\u00edmpicos Tokio 2020\u201d. Volv\u00ed a escuchar la narraci\u00f3n y la alegr\u00eda apareci\u00f3 de nuevo.<\/span><\/p>\n<p class=\"p1\"><span class=\"s1\">Eran casi las dos de la ma\u00f1ana cuando celebr\u00e1bamos el bronce para la dupla de la sonorense y el bajacaliforniano. La medalla que se obtuvo en la capital japonesa, se fue forjando durante muchos a\u00f1os, puesto que un deportista, especialmente aquellos con una especializaci\u00f3n tard\u00eda, necesita de al menos dos ciclos ol\u00edmpicos.<span class=\"Apple-converted-space\">&nbsp; <\/span>Quienes me han le\u00eddo desde que empec\u00e9 a escribir hace ya m\u00e1s de cinco a\u00f1os, comprobar\u00e1 que generalmente este espacio es utilizado para la cr\u00edtica racional y que son escasos, la situaci\u00f3n deportiva nacional lo sostiene, los elogios que van m\u00e1s all\u00e1 del esfuerzo que existe en el tridente, deportista, entrenador, padre de familia. Hoy es uno de esos raros momentos, pues conozco de primera mano el desarrollo deportivo de Baja California en los \u00faltimos 15 a\u00f1os. En ese tiempo fui testigo de la creaci\u00f3n de un espacio digno y funcional para os deportistas que buscan el alto rendimiento deportivo. Recuerdo las conferencias que se impart\u00edan en el \u00fanico espacio que hab\u00eda en el CAR<span class=\"Apple-converted-space\">&nbsp; <\/span>de Tijuana. Recuerdo la idea de promover la halterofilia en el valle de Mexicali, el remo en San Felipe o el canotaje en Ensenada. Recuerdo el acompa\u00f1amiento de las asociaciones. Recuerdo el binomio que se conform\u00f3 con la entonces escuela de deportes. Recuerdo los eventos internacionales, el estr\u00e9s de realizarlos, la satisfacci\u00f3n de concluirlos, pero especialmente recuerdo a un equipo entregado a su tarea, proporcionar los medios y las condiciones para el mejoramiento del nivel deportivo.<\/span><\/p>\n<p class=\"p1\"><span class=\"s1\">Por ello la asistencia, las finales y la medalla ol\u00edmpica tambi\u00e9n pertenecen al profesor C\u00e9sar Osuna y su amplia experiencia, a Benito, Paty, Paco, Bertha, Juanita y todo el equipo administrativo, a Manuel y sus muchachos, incansables para tener en condiciones \u00f3ptimas los espacios, a Jorge y su creatividad, a David y los compa\u00f1eros de detecci\u00f3n de talentos, a mi estimado Morgan y su compromiso con los detalles, al Teo, Arturo y el equipo que comunicaba cada paso, a Mauricio y su compromiso desde la ma\u00f1ana hasta muy altas horas de la noche, a Carlos y su diplomacia, a mi extra\u00f1ado \u201cLobo\u201d y su mano izquierda que abr\u00eda tantas puertas, a Carmen, Lily, Karina y todo el equipo que asist\u00eda sin importar lo laborable de un d\u00eda. Hay decenas, cientos de personas que contribuyeron durante su estancia en el INDE a que hoy los bajacalifornianos sean competitivos en las justas deportivas y estoy seguro de que de momento se me escapan muchos, todos ellos sabiendo su funci\u00f3n, todos ellos cumplieron su encomienda y claro, detr\u00e1s de todo ese equipo o mejor dicho, al frente, la mente de quien visualiz\u00f3 un deporte distinto al que se ten\u00eda, alguien que contrario a lo que suele suceder en gobierno, prefiri\u00f3 la trascendencia sobre lo inmediato, un tipo serio, met\u00f3dico, anal\u00edtico, alguien a quien ve\u00edas descender del avi\u00f3n en la madrugada, para irse directo a la oficina, que cuidaba cada detalle, respetado por federaciones internacionales y nacionales, apoyado por gobernadores, por diputados, estimado por sus deportistas, a quienes conoc\u00eda de nombre y apellido. Sa\u00fal Castro Verdugo fue y sigue siendo un edificador, ciment\u00f3 un proyecto a largo plazo, pues desde hace a\u00f1os ya hablaba de la expectativa para el 2020.<span class=\"Apple-converted-space\">&nbsp;<\/span><\/span><\/p>\n<p class=\"p1\"><span class=\"s1\">Quienes hemos estado de cerca en el proyecto deportivo de Baja California, sabemos que los resultados de hoy no son fortuitos, sino producto del esfuerzo y visi\u00f3n de a\u00f1os y a\u00f1os de trabajo.<span class=\"Apple-converted-space\">&nbsp;<\/span><\/span><\/p>\n<p class=\"p1\"><span class=\"s1\">Concluyo diciendo que as\u00ed como lo que desde el 2002 permiti\u00f3 construir los resultados de hoy, las malas decisiones actuales pueden tener una importante repercusi\u00f3n en 8, 12 o m\u00e1s a\u00f1os.<\/span><\/p>\n","protected":false},"excerpt":{"rendered":"","protected":false},"author":1,"featured_media":2921082,"comment_status":"open","ping_status":"closed","sticky":false,"template":"","format":"standard","meta":{"footnotes":""},"categories":[141],"tags":[595],"class_list":["post-2925856","post","type-post","status-publish","format-standard","has-post-thumbnail","hentry","category-columnas","tag-destacado"],"_links":{"self":[{"href":"https:\/\/agpnoticias.com\/news\/index.php?rest_route=\/wp\/v2\/posts\/2925856","targetHints":{"allow":["GET"]}}],"collection":[{"href":"https:\/\/agpnoticias.com\/news\/index.php?rest_route=\/wp\/v2\/posts"}],"about":[{"href":"https:\/\/agpnoticias.com\/news\/index.php?rest_route=\/wp\/v2\/types\/post"}],"author":[{"embeddable":true,"href":"https:\/\/agpnoticias.com\/news\/index.php?rest_route=\/wp\/v2\/users\/1"}],"replies":[{"embeddable":true,"href":"https:\/\/agpnoticias.com\/news\/index.php?rest_route=%2Fwp%2Fv2%2Fcomments&post=2925856"}],"version-history":[{"count":2,"href":"https:\/\/agpnoticias.com\/news\/index.php?rest_route=\/wp\/v2\/posts\/2925856\/revisions"}],"predecessor-version":[{"id":2925858,"href":"https:\/\/agpnoticias.com\/news\/index.php?rest_route=\/wp\/v2\/posts\/2925856\/revisions\/2925858"}],"wp:featuredmedia":[{"embeddable":true,"href":"https:\/\/agpnoticias.com\/news\/index.php?rest_route=\/wp\/v2\/media\/2921082"}],"wp:attachment":[{"href":"https:\/\/agpnoticias.com\/news\/index.php?rest_route=%2Fwp%2Fv2%2Fmedia&parent=2925856"}],"wp:term":[{"taxonomy":"category","embeddable":true,"href":"https:\/\/agpnoticias.com\/news\/index.php?rest_route=%2Fwp%2Fv2%2Fcategories&post=2925856"},{"taxonomy":"post_tag","embeddable":true,"href":"https:\/\/agpnoticias.com\/news\/index.php?rest_route=%2Fwp%2Fv2%2Ftags&post=2925856"}],"curies":[{"name":"wp","href":"https:\/\/api.w.org\/{rel}","templated":true}]}}